{"id":22489,"date":"2021-01-16T19:41:20","date_gmt":"2021-01-17T01:41:20","guid":{"rendered":"http:\/\/www.zonaroja.com.mx\/?p=22489"},"modified":"2021-01-16T19:41:23","modified_gmt":"2021-01-17T01:41:23","slug":"triquis-de-tierra-blanca-copala-se-van-con-el-mult-y-niegan-relacion-con-multi","status":"publish","type":"post","link":"https:\/\/zonaroja.com.mx\/?p=22489","title":{"rendered":"Triquis de Tierra Blanca Copala se van con el MULT y niegan relaci\u00f3n con MULTI"},"content":{"rendered":"\n<p>Yuridiana Sosa\/Zona Roja.<\/p>\n\n\n\n<p>Oaxaca de Ju\u00e1rez, Oax., 16 de enero de 2021.- Los conflictos por el territorio triqui en la entidad contin\u00faa entre los grupos sociales y pol\u00edticos, y este s\u00e1bado la asamblea general de Tierra Blanca Copala, del municipio de Santiago Juxtlahuaca, en la Mixteca, marc\u00f3 terreno entre las organizaciones MULT y MULTI.<\/p>\n\n\n\n<p>La asamblea determin\u00f3 y solicit\u00f3 que el Movimiento de Unificaci\u00f3n y Lucha Triqui (MULT) sea quien represente a la comunidad en las mesas de di\u00e1logo que se entablen con el Gobierno del Estado en busca de paz.<\/p>\n\n\n\n<p>Mientras que neg\u00f3 toda relaci\u00f3n con el Movimiento de Unificaci\u00f3n y Lucha Triqui Independiente (MULTI) y se\u00f1al\u00f3 a sus dirigentes de ser los responsables de los ataques a la poblaci\u00f3n, as\u00ed como abusar de las comunidades triquis para recibir beneficios econ\u00f3micos.<\/p>\n\n\n\n<p>Por medio de un comunicado, la poblaci\u00f3n de Tierra Blanca Copala desconoci\u00f3 los acuerdos que pudieran existir entre los pobladores Eusebio Ram\u00edrez Mart\u00ednez y Gerardo Mart\u00ednez Garc\u00eda con los dirigentes del MULTI, Macario Garc\u00eda Merino y Martin Anacleto, con el fin de controlar a la comunidad.<\/p>\n\n\n\n<p>La comunidad agreg\u00f3 que esas personas han promovido el desplazamiento de las poblaciones provocando conflictos para sus intereses pol\u00edticos y econ\u00f3micos relacionados con el Partido Revolucionario Institucional.<\/p>\n\n\n\n<p>Los l\u00edderes Macario Garc\u00eda Merino y Martin Anacleto se han negado a las mesas de di\u00e1logo para buscar la paz de la naci\u00f3n triqui porque afecta a sus intereses econ\u00f3micos, pues adem\u00e1s de sus alianzas con el PRI tambi\u00e9n han creado otros grupos de choque, asegur\u00f3 la Asamblea general de Tierra Blanca.<\/p>\n\n\n\n<p>\u201cYa no queremos nada que ver con estos personajes, ni con sus organizaciones y desde aqu\u00ed hacemos un llamado para que se instale una mesa de di\u00e1logo para buscar la paz, as\u00ed tambi\u00e9n de aqu\u00ed en adelante solicitamos al Movimiento de Unificaci\u00f3n y Lucha Triqui, se haga cargo de las pl\u00e1ticas que se den de ahora en adelante con el gobierno del estado\u201d, declar\u00f3 en el comunicado la comunidad.<\/p>\n","protected":false},"excerpt":{"rendered":"<p>Yuridiana Sosa\/Zona Roja. Oaxaca de Ju\u00e1rez, Oax., 16 de enero de 2021.- Los conflictos por&hellip;<\/p>\n","protected":false},"author":2,"featured_media":22490,"comment_status":"closed","ping_status":"open","sticky":false,"template":"","format":"standard","meta":{"_lmt_disableupdate":"","_lmt_disable":"","_jetpack_memberships_contains_paid_content":false,"footnotes":""},"categories":[109,47],"tags":[1712],"class_list":["post-22489","post","type-post","status-publish","format-standard","has-post-thumbnail","hentry","category-minuto-a-minuto","category-zona-gris","tag-tierra-blanca-copala"],"jetpack_featured_media_url":"https:\/\/zonaroja.com.mx\/wp-content\/uploads\/2021\/01\/Tierra-Blanca-Copaa.jpg","jetpack_sharing_enabled":true,"_links":{"self":[{"href":"https:\/\/zonaroja.com.mx\/index.php?rest_route=\/wp\/v2\/posts\/22489","targetHints":{"allow":["GET"]}}],"collection":[{"href":"https:\/\/zonaroja.com.mx\/index.php?rest_route=\/wp\/v2\/posts"}],"about":[{"href":"https:\/\/zonaroja.com.mx\/index.php?rest_route=\/wp\/v2\/types\/post"}],"author":[{"embeddable":true,"href":"https:\/\/zonaroja.com.mx\/index.php?rest_route=\/wp\/v2\/users\/2"}],"replies":[{"embeddable":true,"href":"https:\/\/zonaroja.com.mx\/index.php?rest_route=%2Fwp%2Fv2%2Fcomments&post=22489"}],"version-history":[{"count":1,"href":"https:\/\/zonaroja.com.mx\/index.php?rest_route=\/wp\/v2\/posts\/22489\/revisions"}],"predecessor-version":[{"id":22491,"href":"https:\/\/zonaroja.com.mx\/index.php?rest_route=\/wp\/v2\/posts\/22489\/revisions\/22491"}],"wp:featuredmedia":[{"embeddable":true,"href":"https:\/\/zonaroja.com.mx\/index.php?rest_route=\/wp\/v2\/media\/22490"}],"wp:attachment":[{"href":"https:\/\/zonaroja.com.mx\/index.php?rest_route=%2Fwp%2Fv2%2Fmedia&parent=22489"}],"wp:term":[{"taxonomy":"category","embeddable":true,"href":"https:\/\/zonaroja.com.mx\/index.php?rest_route=%2Fwp%2Fv2%2Fcategories&post=22489"},{"taxonomy":"post_tag","embeddable":true,"href":"https:\/\/zonaroja.com.mx\/index.php?rest_route=%2Fwp%2Fv2%2Ftags&post=22489"}],"curies":[{"name":"wp","href":"https:\/\/api.w.org\/{rel}","templated":true}]}}