{"id":22492,"date":"2021-01-16T19:54:48","date_gmt":"2021-01-17T01:54:48","guid":{"rendered":"http:\/\/www.zonaroja.com.mx\/?p=22492"},"modified":"2021-01-16T19:54:52","modified_gmt":"2021-01-17T01:54:52","slug":"enfrenta-ayutla-mixe-segunda-ola-de-covid-19-sin-agua-potable","status":"publish","type":"post","link":"https:\/\/zonaroja.com.mx\/?p=22492","title":{"rendered":"Enfrenta Ayutla Mixe segunda ola de Covid-19 sin agua potable."},"content":{"rendered":"\n<p>Yuridiana Sosa\/Zona Roja.<\/p>\n\n\n\n<p>Oaxaca de Ju\u00e1rez, Oax., 16 de enero de 2021.-&nbsp; La segunda ola de contagios de Covid-19 que azota al pa\u00eds y que ha pegado con fuerza en Oaxaca, se enfrenta sin agua en la comunidad de San Pedro y San Pablo Ayutla Mixe, donde desde hace m\u00e1s tres a\u00f1os el Gobierno del Estado no ha podido reconectar el servicio.<\/p>\n\n\n\n<p>Son 10 meses en los que la comunidad ind\u00edgena ayuuk lucha contra corriente para evadir al coronavirus, pues no cuentan con agua potable que salga de las llaves de sus casas, por ese motivo los habitantes denuncian: \u201cvivimos de agua insalubre e insuficiente\u201d.<\/p>\n\n\n\n<p>\u201cNuestra comunidad se reorganiza para afrontar la pandemia apegados a la realidad cultural y econ\u00f3mica del pueblo, mientras Alejandro Murat violando nuestros derechos humanos sin restablecer el servicio de agua de nuestro manantial, vivimos de agua insalubre e insuficiente\u201d, se\u00f1al\u00f3 uno de los afectados, Joaqu\u00edn Galv\u00e1n.<\/p>\n\n\n\n<p>San Pedro y San Pablo Ayutla ha comenzado con la aplicaci\u00f3n de medidas sanitarias que est\u00e1n en sus posibilidades atender.<\/p>\n\n\n\n<p>El ayuntamiento inform\u00f3 que no cerrar\u00e1n sus accesos, pero se exige a la comunidad su colaboraci\u00f3n para evitar la visita a otras comunidades, municipios y la ciudad de Oaxaca de Ju\u00e1rez si no es indispensable, as\u00ed como no asistir a festividades.<\/p>\n\n\n\n<p>As\u00ed tambi\u00e9n, a los oriundos de Ayutla radicados en otras ciudades, se les exhorta de abstenerse de visitar la comunidad, a menos que sea por causa de fuerza mayor, pero de efectuar la visita debe respetar el resguardo de 15 d\u00edas en su domicilio.<\/p>\n\n\n\n<p>Dentro de la poblaci\u00f3n se dispuso del uso obligatorio del cubrebocas en espacios p\u00fablicos y establecimientos comerciales y tianguis. Adem\u00e1s, en la iglesia de la comunidad se cancelaron espacios en las bancas para evitar las aglomeraciones en su interior.<\/p>\n\n\n\n<p>El pasado 4 de diciembre, el Gobierno del Estado mont\u00f3 la puesta en marcha de la distribuci\u00f3n del agua potable para Ayutla, con el \u201cel banderazo de inicio a suministro permanente de agua\u201d.<\/p>\n\n\n\n<p>La poblaci\u00f3n denunci\u00f3 que se trat\u00f3 de una simulaci\u00f3n, pues de las llaves no cay\u00f3 gota de agua, por lo que la poblaci\u00f3n increment\u00f3 la exigencia para que se cumpla con la sentencia federal de la reconexi\u00f3n del sistema de agua potable desde su manantial.<\/p>\n","protected":false},"excerpt":{"rendered":"<p>Yuridiana Sosa\/Zona Roja. Oaxaca de Ju\u00e1rez, Oax., 16 de enero de 2021.-&nbsp; La segunda ola&hellip;<\/p>\n","protected":false},"author":2,"featured_media":22493,"comment_status":"closed","ping_status":"open","sticky":false,"template":"","format":"standard","meta":{"_lmt_disableupdate":"","_lmt_disable":"","_jetpack_memberships_contains_paid_content":false,"footnotes":""},"categories":[109,47],"tags":[501],"class_list":["post-22492","post","type-post","status-publish","format-standard","has-post-thumbnail","hentry","category-minuto-a-minuto","category-zona-gris","tag-san-pedro-y-san-pablo-ayutla-mixe"],"jetpack_featured_media_url":"https:\/\/zonaroja.com.mx\/wp-content\/uploads\/2021\/01\/Medidas-covid-Ayutla.jpg","jetpack_sharing_enabled":true,"_links":{"self":[{"href":"https:\/\/zonaroja.com.mx\/index.php?rest_route=\/wp\/v2\/posts\/22492","targetHints":{"allow":["GET"]}}],"collection":[{"href":"https:\/\/zonaroja.com.mx\/index.php?rest_route=\/wp\/v2\/posts"}],"about":[{"href":"https:\/\/zonaroja.com.mx\/index.php?rest_route=\/wp\/v2\/types\/post"}],"author":[{"embeddable":true,"href":"https:\/\/zonaroja.com.mx\/index.php?rest_route=\/wp\/v2\/users\/2"}],"replies":[{"embeddable":true,"href":"https:\/\/zonaroja.com.mx\/index.php?rest_route=%2Fwp%2Fv2%2Fcomments&post=22492"}],"version-history":[{"count":1,"href":"https:\/\/zonaroja.com.mx\/index.php?rest_route=\/wp\/v2\/posts\/22492\/revisions"}],"predecessor-version":[{"id":22494,"href":"https:\/\/zonaroja.com.mx\/index.php?rest_route=\/wp\/v2\/posts\/22492\/revisions\/22494"}],"wp:featuredmedia":[{"embeddable":true,"href":"https:\/\/zonaroja.com.mx\/index.php?rest_route=\/wp\/v2\/media\/22493"}],"wp:attachment":[{"href":"https:\/\/zonaroja.com.mx\/index.php?rest_route=%2Fwp%2Fv2%2Fmedia&parent=22492"}],"wp:term":[{"taxonomy":"category","embeddable":true,"href":"https:\/\/zonaroja.com.mx\/index.php?rest_route=%2Fwp%2Fv2%2Fcategories&post=22492"},{"taxonomy":"post_tag","embeddable":true,"href":"https:\/\/zonaroja.com.mx\/index.php?rest_route=%2Fwp%2Fv2%2Ftags&post=22492"}],"curies":[{"name":"wp","href":"https:\/\/api.w.org\/{rel}","templated":true}]}}