{"id":22495,"date":"2021-01-16T20:06:30","date_gmt":"2021-01-17T02:06:30","guid":{"rendered":"http:\/\/www.zonaroja.com.mx\/?p=22495"},"modified":"2021-01-16T20:06:34","modified_gmt":"2021-01-17T02:06:34","slug":"adolescente-uno-de-los-ejecutados-en-xoxocotlan-en-la-capital-un-baleado","status":"publish","type":"post","link":"https:\/\/zonaroja.com.mx\/?p=22495","title":{"rendered":"Adolescente, uno de los ejecutados en Xoxocotl\u00e1n; en la capital, un baleado"},"content":{"rendered":"\n<p>Redacci\u00f3n\/Zona Roja.<\/p>\n\n\n\n<p>Oaxaca de Ju\u00e1rez, Oax., 16 de enero de 2021.- Un adolescente de 17 a\u00f1os de edad y un adulto, son las personas que fueron torturadas, maniatadas y ejecutadas, cuyos cuerpos fueron hallados hoy en jurisdicci\u00f3n de Santa Cruz Xoxocotl\u00e1n, Oaxaca.<\/p>\n\n\n\n<p>Hasta el momento no se ha revelado la identidad de las dos v\u00edctimas ultimadas por disparos de arma de fuego y a quienes tambi\u00e9n les dejaron dos cartulinas con mensajes presuntamente de un grupo delictivo.<\/p>\n\n\n\n<p>El hallazgo ocurri\u00f3 alrededor de las ocho de la ma\u00f1ana de este s\u00e1bado en el camino que conduce a la comunidad de San Antonio Arrazola, agencia de Xoxocotl\u00e1n, cuna de los alebrijes, figura de madera que dan renombre a Oaxaca.<\/p>\n\n\n\n<figure class=\"wp-block-embed-twitter wp-block-embed is-type-rich is-provider-twitter\"><div class=\"wp-block-embed__wrapper\">\n<div class=\"twitter-tweet\"><blockquote class=\"twitter-tweet\" data-lang=\"es\"><p lang=\"es\" dir=\"ltr\"><a href=\"https:\/\/twitter.com\/hashtag\/%C3%9AltimoMinuto?src=hash&amp;ref_src=twsrc%5Etfw\">#\u00daltimoMinuto<\/a> <br>Un adulto y un menor de 17 a\u00f1os de edad, a\u00fan no identificados, las v\u00edctimas de ejecuci\u00f3n esta ma\u00f1ana en inmediaciones de la agencia de San Antonio <a href=\"https:\/\/twitter.com\/hashtag\/Arrazola?src=hash&amp;ref_src=twsrc%5Etfw\">#Arrazola<\/a>, <a href=\"https:\/\/twitter.com\/hashtag\/Xoxocotl%C3%A1n?src=hash&amp;ref_src=twsrc%5Etfw\">#Xoxocotl\u00e1n<\/a>, <a href=\"https:\/\/twitter.com\/hashtag\/Oaxaca?src=hash&amp;ref_src=twsrc%5Etfw\">#Oaxaca<\/a>. <a href=\"https:\/\/t.co\/fczmRYRWzs\">pic.twitter.com\/fczmRYRWzs<\/a><\/p>&mdash; Zona Roja Oaxaca (@MexRoja) <a href=\"https:\/\/twitter.com\/MexRoja\/status\/1350493513310461953?ref_src=twsrc%5Etfw\">16 de enero de 2021<\/a><\/blockquote><\/div>\n<\/div><\/figure>\n\n\n\n<p>Por otra parte, la tarde de hoy en el estacionamiento de una tienda Oxxo, en jurisdicci\u00f3n de la agencia Montoya de la ciudad de Oaxaca, colindante con Santa Mar\u00eda Atzompa, un hombre fue agredido con disparos de arma de fuego.<\/p>\n\n\n\n<p>La v\u00edctima se hallaba en el interior de su veh\u00edculo tipo Tsuru, marca Nissan, sin placas de circulaci\u00f3n, color guinda, cuando fue atacada por sujetos desconocidos, que se dieron a la fuga.<\/p>\n\n\n\n<p>Param\u00e9dicos le dieron los primeros auxilios y lo trasladaron a un hospital, donde lo reportan delicado de salud.<\/p>\n\n\n\n<figure class=\"wp-block-embed-twitter wp-block-embed is-type-rich is-provider-twitter\"><div class=\"wp-block-embed__wrapper\">\n<div class=\"twitter-tweet\"><blockquote class=\"twitter-tweet\" data-lang=\"es\"><p lang=\"es\" dir=\"ltr\"><a href=\"https:\/\/twitter.com\/hashtag\/%C3%9AltimoMinuto?src=hash&amp;ref_src=twsrc%5Etfw\">#\u00daltimoMinuto<\/a> <br>Crece la inseguridad en <a href=\"https:\/\/twitter.com\/hashtag\/Oaxaca?src=hash&amp;ref_src=twsrc%5Etfw\">#Oaxaca<\/a> capital, ante la nula vigilancia del <a href=\"https:\/\/twitter.com\/MunicipioOaxaca?ref_src=twsrc%5Etfw\">@MunicipioOaxaca<\/a> <a href=\"https:\/\/twitter.com\/MunicipioOaxaca?ref_src=twsrc%5Etfw\">@MunicipioOaxaca<\/a>; esta tarde, atacan a balazos a una persona en una gasoliner\u00eda de la agencia de Montoya; fue trasladada grave a una cl\u00ednica. <a href=\"https:\/\/t.co\/Y7tOB8QJ63\">pic.twitter.com\/Y7tOB8QJ63<\/a><\/p>&mdash; Zona Roja Oaxaca (@MexRoja) <a href=\"https:\/\/twitter.com\/MexRoja\/status\/1350596155730780163?ref_src=twsrc%5Etfw\">17 de enero de 2021<\/a><\/blockquote><\/div>\n<\/div><\/figure>\n","protected":false},"excerpt":{"rendered":"<p>Redacci\u00f3n\/Zona Roja. Oaxaca de Ju\u00e1rez, Oax., 16 de enero de 2021.- Un adolescente de 17&hellip;<\/p>\n","protected":false},"author":2,"featured_media":22496,"comment_status":"closed","ping_status":"open","sticky":false,"template":"","format":"standard","meta":{"_lmt_disableupdate":"","_lmt_disable":"","_jetpack_memberships_contains_paid_content":false,"footnotes":""},"categories":[109,51],"tags":[133],"class_list":["post-22495","post","type-post","status-publish","format-standard","has-post-thumbnail","hentry","category-minuto-a-minuto","category-zona-roja","tag-santa-cruz-xoxocotlan"],"jetpack_featured_media_url":"https:\/\/zonaroja.com.mx\/wp-content\/uploads\/2021\/01\/Ejecutados-Xoxocotlan.jpg","jetpack_sharing_enabled":true,"_links":{"self":[{"href":"https:\/\/zonaroja.com.mx\/index.php?rest_route=\/wp\/v2\/posts\/22495","targetHints":{"allow":["GET"]}}],"collection":[{"href":"https:\/\/zonaroja.com.mx\/index.php?rest_route=\/wp\/v2\/posts"}],"about":[{"href":"https:\/\/zonaroja.com.mx\/index.php?rest_route=\/wp\/v2\/types\/post"}],"author":[{"embeddable":true,"href":"https:\/\/zonaroja.com.mx\/index.php?rest_route=\/wp\/v2\/users\/2"}],"replies":[{"embeddable":true,"href":"https:\/\/zonaroja.com.mx\/index.php?rest_route=%2Fwp%2Fv2%2Fcomments&post=22495"}],"version-history":[{"count":1,"href":"https:\/\/zonaroja.com.mx\/index.php?rest_route=\/wp\/v2\/posts\/22495\/revisions"}],"predecessor-version":[{"id":22497,"href":"https:\/\/zonaroja.com.mx\/index.php?rest_route=\/wp\/v2\/posts\/22495\/revisions\/22497"}],"wp:featuredmedia":[{"embeddable":true,"href":"https:\/\/zonaroja.com.mx\/index.php?rest_route=\/wp\/v2\/media\/22496"}],"wp:attachment":[{"href":"https:\/\/zonaroja.com.mx\/index.php?rest_route=%2Fwp%2Fv2%2Fmedia&parent=22495"}],"wp:term":[{"taxonomy":"category","embeddable":true,"href":"https:\/\/zonaroja.com.mx\/index.php?rest_route=%2Fwp%2Fv2%2Fcategories&post=22495"},{"taxonomy":"post_tag","embeddable":true,"href":"https:\/\/zonaroja.com.mx\/index.php?rest_route=%2Fwp%2Fv2%2Ftags&post=22495"}],"curies":[{"name":"wp","href":"https:\/\/api.w.org\/{rel}","templated":true}]}}