{"id":22499,"date":"2021-01-17T07:29:40","date_gmt":"2021-01-17T13:29:40","guid":{"rendered":"http:\/\/www.zonaroja.com.mx\/?p=22499"},"modified":"2021-01-17T07:29:44","modified_gmt":"2021-01-17T13:29:44","slug":"convocan-a-mas-mujeres-indigenas-lideres-a-capacitarse-y-emprender","status":"publish","type":"post","link":"https:\/\/zonaroja.com.mx\/?p=22499","title":{"rendered":"Convocan a m\u00e1s mujeres ind\u00edgenas l\u00edderes a capacitarse y emprender"},"content":{"rendered":"\n<p>Evlin Arag\u00f3n\/Zona Roja.<\/p>\n\n\n\n<p>Oaxaca de Ju\u00e1rez, Oax., 17 de enero de 2021.- Debido al \u00e9xito que han tenido las cuatro generaciones anteriores, ECOOS-Escuela de Econom\u00eda Social abre dos nuevas opciones para que j\u00f3venes ind\u00edgenas se una al proyecto de capacitaci\u00f3n y fortalecimiento empresarial denominado \u201cMujeres L\u00edderESS: Liderazgo en Acci\u00f3n (LILA)\u201d.&nbsp;<\/p>\n\n\n\n<p>Se trata de una iniciativa que desde el a\u00f1o pasado impulsan con el respaldo de la Universidad Tecnol\u00f3gica de la Mixteca (UTM), dirigida a mujeres de entre 18 a 29 a\u00f1os de edad que lideran un proyecto empresarial, social, ambiental, educativo y\/o cultural.<\/p>\n\n\n\n<p>As\u00ed lo dio a conocer Misheyla Ruiz, Fundadora de ECOOS, quien destac\u00f3 que en la pasada generaci\u00f3n tuvieron m\u00e1s de 30 proyectos, todos liderados por mujeres j\u00f3venes de Oaxaca, basados en los principios y valores de la econom\u00eda social y solidaria.<\/p>\n\n\n\n<p>De ah\u00ed que, debido a la buena respuesta, impulsen dos nueva generaciones denominadas Resiliencia y Empat\u00eda las cuales arrancan en los meses de enero y febrero de este 2021, con una modalidad cien por ciento virtual debido a las condiciones actuales, derivadas de la pandemia.&nbsp;&nbsp;<\/p>\n\n\n\n<p>En ambas generaciones dijo, se busca que las participantes cuenten con proyectos propios, individuales y colectivos, que resuelvan problemas pertinentes del contexto de manera efectiva.<\/p>\n\n\n\n<p>\u201cECOOS-Escuela de Econom\u00eda Social tiene la misi\u00f3n de combatir las desigualdades humanas, a trav\u00e9s del impulso de iniciativas de econom\u00eda social y solidaria. En cada proyecto facilitamos herramientas de gesti\u00f3n, para que las personas se conviertan en protagonistas de sus procesos y puedan alcanzar sus objetivos\u201d, refiri\u00f3 Misheyla Ruiz.<\/p>\n\n\n\n<p>As\u00ed mismo, indic\u00f3 que creen firmemente en el poder de la acci\u00f3n colectiva para la transformaci\u00f3n social, prueba de ello algunos ejemplos que ya se pueden ver en torno a la pandemia, donde el esfuerzo colectivo ha logrado grandes aportes a la humanidad.&nbsp;<\/p>\n\n\n\n<p>Finalmente, agradeci\u00f3 el respaldo de la Universidad Tecnol\u00f3gica de la Mixteca, a trav\u00e9s del equipo ENACTUS, que busca promover y estimular el desarrollo integral del entorno mediante la creaci\u00f3n y fortalecimiento de negocios, mediante la aplicaci\u00f3n de un modelo de acompa\u00f1amiento empresarial.<\/p>\n\n\n\n<p>Para mayor informaci\u00f3n en torno a las nuevas generaciones abiertas, los requisitos y las posibilidades de inscripci\u00f3n puedes acceder al sitio ecoosmx.com\/convocatoria\/.<\/p>\n","protected":false},"excerpt":{"rendered":"<p>Evlin Arag\u00f3n\/Zona Roja. Oaxaca de Ju\u00e1rez, Oax., 17 de enero de 2021.- Debido al \u00e9xito&hellip;<\/p>\n","protected":false},"author":2,"featured_media":22500,"comment_status":"closed","ping_status":"open","sticky":false,"template":"","format":"standard","meta":{"_lmt_disableupdate":"","_lmt_disable":"","_jetpack_memberships_contains_paid_content":false,"footnotes":""},"categories":[109,46],"tags":[2375,2374],"class_list":["post-22499","post","type-post","status-publish","format-standard","has-post-thumbnail","hentry","category-minuto-a-minuto","category-zona-blanca","tag-ecoos-escuela-de-economia-social","tag-misheyla-ruiz"],"jetpack_featured_media_url":"https:\/\/zonaroja.com.mx\/wp-content\/uploads\/2021\/01\/Misheyla-Ruiz-ECOOS.jpg","jetpack_sharing_enabled":true,"_links":{"self":[{"href":"https:\/\/zonaroja.com.mx\/index.php?rest_route=\/wp\/v2\/posts\/22499","targetHints":{"allow":["GET"]}}],"collection":[{"href":"https:\/\/zonaroja.com.mx\/index.php?rest_route=\/wp\/v2\/posts"}],"about":[{"href":"https:\/\/zonaroja.com.mx\/index.php?rest_route=\/wp\/v2\/types\/post"}],"author":[{"embeddable":true,"href":"https:\/\/zonaroja.com.mx\/index.php?rest_route=\/wp\/v2\/users\/2"}],"replies":[{"embeddable":true,"href":"https:\/\/zonaroja.com.mx\/index.php?rest_route=%2Fwp%2Fv2%2Fcomments&post=22499"}],"version-history":[{"count":1,"href":"https:\/\/zonaroja.com.mx\/index.php?rest_route=\/wp\/v2\/posts\/22499\/revisions"}],"predecessor-version":[{"id":22501,"href":"https:\/\/zonaroja.com.mx\/index.php?rest_route=\/wp\/v2\/posts\/22499\/revisions\/22501"}],"wp:featuredmedia":[{"embeddable":true,"href":"https:\/\/zonaroja.com.mx\/index.php?rest_route=\/wp\/v2\/media\/22500"}],"wp:attachment":[{"href":"https:\/\/zonaroja.com.mx\/index.php?rest_route=%2Fwp%2Fv2%2Fmedia&parent=22499"}],"wp:term":[{"taxonomy":"category","embeddable":true,"href":"https:\/\/zonaroja.com.mx\/index.php?rest_route=%2Fwp%2Fv2%2Fcategories&post=22499"},{"taxonomy":"post_tag","embeddable":true,"href":"https:\/\/zonaroja.com.mx\/index.php?rest_route=%2Fwp%2Fv2%2Ftags&post=22499"}],"curies":[{"name":"wp","href":"https:\/\/api.w.org\/{rel}","templated":true}]}}