{"id":22505,"date":"2021-01-17T07:44:03","date_gmt":"2021-01-17T13:44:03","guid":{"rendered":"http:\/\/www.zonaroja.com.mx\/?p=22505"},"modified":"2021-01-17T07:44:06","modified_gmt":"2021-01-17T13:44:06","slug":"en-2020-oaxaca-acumulo-176-casos-de-violencia-de-atrocidades-causa-en-comun","status":"publish","type":"post","link":"https:\/\/zonaroja.com.mx\/?p=22505","title":{"rendered":"En 2020 Oaxaca acumul\u00f3 176 casos de \u201cviolencia de atrocidades\u201d: Causa en Com\u00fan"},"content":{"rendered":"\n<p>Yuridiana Sosa\/Zona Roja.<\/p>\n\n\n\n<p>Oaxaca de Ju\u00e1rez, Oax., 17 de enero de 2020.- En el transcurso del 2020, Oaxaca fue escenario para la comisi\u00f3n de al menos 176 hechos de extrema violencia, calificados por la organizaci\u00f3n Causa en Com\u00fan como \u201catrocidades\u201d.<\/p>\n\n\n\n<p>En el recuento de casos realizado por la organizaci\u00f3n nacional se demostr\u00f3 que Oaxaca es la entidad n\u00famero 14 con m\u00e1s casos de violencia de atrocidades durante el a\u00f1o pasado, en cerca de 40 municipios en las distintas regiones.<\/p>\n\n\n\n<p>Causa en Com\u00fan detall\u00f3 que la informaci\u00f3n fue recaudada por medio de los medios de comunicaci\u00f3n en un acumulado de 77 notas informativas.<\/p>\n\n\n\n<p>Entre los municipios que sobresalen por la incidencia de ese tipo de violencia se encuentra Oaxaca de Ju\u00e1rez y San Juan Bautista Tuxtepec con ocho hechos; Juchit\u00e1n de Zaragoza, seis; San Miguel Soyaltepec, cinco; Ejutla de Crespo, tres, mientras que entre los municipios con dos casos se encuentran Putla Villa de Guerrero, Mat\u00edas Romero, Santiago Amoltepec y Santiago Juxtlahuaca.<\/p>\n\n\n\n<p>A nivel nacional, fueron cinco mil 380 delitos bajo esa denominaci\u00f3n, en los que la localizaci\u00f3n de fosas clandestinas, torturas, descuartizamientos y masacres, fueron las atrocidades con mayor incidencia.<\/p>\n\n\n\n<p>Entre los hechos con esa calificaci\u00f3n se encuentra la masacre, asesinato de personas vulnerables o de inter\u00e9s pol\u00edtico como defensores de derechos, activistas, periodistas, de ni\u00f1as, ni\u00f1os y adolescentes, personas con discapacidad, actores pol\u00edticos, funcionarios p\u00fablicos; fosas clandestinas, calcinamientos, mutilaciones y maltrato extremos; asesinato de mujeres con crueldad extrema; descuartizamiento y destrucci\u00f3n de cad\u00e1veres; calcinamiento y terrorismo, entre otros.<\/p>\n","protected":false},"excerpt":{"rendered":"<p>Yuridiana Sosa\/Zona Roja. Oaxaca de Ju\u00e1rez, Oax., 17 de enero de 2020.- En el transcurso&hellip;<\/p>\n","protected":false},"author":2,"featured_media":22506,"comment_status":"closed","ping_status":"open","sticky":false,"template":"","format":"standard","meta":{"_lmt_disableupdate":"","_lmt_disable":"","_jetpack_memberships_contains_paid_content":false,"footnotes":""},"categories":[109,47],"tags":[2376],"class_list":["post-22505","post","type-post","status-publish","format-standard","has-post-thumbnail","hentry","category-minuto-a-minuto","category-zona-gris","tag-causa-en-comun"],"jetpack_featured_media_url":"https:\/\/zonaroja.com.mx\/wp-content\/uploads\/2021\/01\/Tortura.jpg","jetpack_sharing_enabled":true,"_links":{"self":[{"href":"https:\/\/zonaroja.com.mx\/index.php?rest_route=\/wp\/v2\/posts\/22505","targetHints":{"allow":["GET"]}}],"collection":[{"href":"https:\/\/zonaroja.com.mx\/index.php?rest_route=\/wp\/v2\/posts"}],"about":[{"href":"https:\/\/zonaroja.com.mx\/index.php?rest_route=\/wp\/v2\/types\/post"}],"author":[{"embeddable":true,"href":"https:\/\/zonaroja.com.mx\/index.php?rest_route=\/wp\/v2\/users\/2"}],"replies":[{"embeddable":true,"href":"https:\/\/zonaroja.com.mx\/index.php?rest_route=%2Fwp%2Fv2%2Fcomments&post=22505"}],"version-history":[{"count":1,"href":"https:\/\/zonaroja.com.mx\/index.php?rest_route=\/wp\/v2\/posts\/22505\/revisions"}],"predecessor-version":[{"id":22507,"href":"https:\/\/zonaroja.com.mx\/index.php?rest_route=\/wp\/v2\/posts\/22505\/revisions\/22507"}],"wp:featuredmedia":[{"embeddable":true,"href":"https:\/\/zonaroja.com.mx\/index.php?rest_route=\/wp\/v2\/media\/22506"}],"wp:attachment":[{"href":"https:\/\/zonaroja.com.mx\/index.php?rest_route=%2Fwp%2Fv2%2Fmedia&parent=22505"}],"wp:term":[{"taxonomy":"category","embeddable":true,"href":"https:\/\/zonaroja.com.mx\/index.php?rest_route=%2Fwp%2Fv2%2Fcategories&post=22505"},{"taxonomy":"post_tag","embeddable":true,"href":"https:\/\/zonaroja.com.mx\/index.php?rest_route=%2Fwp%2Fv2%2Ftags&post=22505"}],"curies":[{"name":"wp","href":"https:\/\/api.w.org\/{rel}","templated":true}]}}