{"id":2251,"date":"2019-07-14T08:24:36","date_gmt":"2019-07-14T13:24:36","guid":{"rendered":"http:\/\/www.zonaroja.com.mx\/?p=2251"},"modified":"2019-07-14T08:24:38","modified_gmt":"2019-07-14T13:24:38","slug":"cristian-el-pequeno-que-murio-jugando-con-la-porteria","status":"publish","type":"post","link":"https:\/\/zonaroja.com.mx\/?p=2251","title":{"rendered":"Cristian, el peque\u00f1o que muri\u00f3 jugando con la porter\u00eda"},"content":{"rendered":"\n<p>Redacci\u00f3n<\/p>\n\n\n\n<p>Como\nCrhistian C. S., de 10 a\u00f1os de edad, fue identificado el menor de edad que\nfalleci\u00f3 el pasado viernes al caerle una porter\u00eda encima, cuando jugaba con su\namigo en la explanada de San Agust\u00edn de las Juntas, municipio conurbado a la\ncapital.<\/p>\n\n\n\n<p>Seg\u00fan se\naprecia en un video que fue dado a conocer a trav\u00e9s de las redes sociales, por\nvarios minutos los ni\u00f1os juegan con la estructura met\u00e1lica port\u00e1til, brinca y\nse cuelgan, hasta que en un momento, los tubos caen junto con ellos.<\/p>\n\n\n\n<p>Uno de ellos se golpe\u00f3 la cabeza al momento de caer al puso de cemento; sus familiares que se encontraban cerca, acudieron de inmediato. Una ambulancia de la localidad, distante a unos cuatro kil\u00f3metros al sur de la ciudad, lo traslad\u00f3 al Hospital Civil, donde Christian perdi\u00f3 la vida ayer por la madrugada.<\/p>\n\n\n\n<figure class=\"wp-block-embed-twitter wp-block-embed is-type-rich is-provider-twitter\"><div class=\"wp-block-embed__wrapper\">\n<div class=\"twitter-tweet\"><blockquote class=\"twitter-tweet\" data-lang=\"es\"><p lang=\"es\" dir=\"ltr\"><a href=\"https:\/\/twitter.com\/hashtag\/OaxacaRojo?src=hash&amp;ref_src=twsrc%5Etfw\">#OaxacaRojo<\/a><br>Un menor de edad perdi\u00f3 la vida en San Agust\u00edn de las Juntas, <a href=\"https:\/\/twitter.com\/hashtag\/Oaxaca?src=hash&amp;ref_src=twsrc%5Etfw\">#Oaxaca<\/a>, tras caerle junto con su compa\u00f1ero una porter\u00eda mal colocada; hasta ahora las autoridades municipales guardan silencio respecto a la tragedia. <a href=\"https:\/\/t.co\/Rjs3XUc6bp\">pic.twitter.com\/Rjs3XUc6bp<\/a><\/p>&mdash; Zona Roja Oaxaca (@MexRoja) <a href=\"https:\/\/twitter.com\/MexRoja\/status\/1150108985707700224?ref_src=twsrc%5Etfw\">13 de julio de 2019<\/a><\/blockquote><\/div>\n<\/div><\/figure>\n\n\n\n<p>El peque\u00f1o\ntuvo su domicilio en la colonia Loma del Santo de San Agust\u00edn de las Juntas; la\nFiscal\u00eda General del Estado inici\u00f3 una carpeta de investigaci\u00f3n por el delito\nde homicidio culposo.<\/p>\n","protected":false},"excerpt":{"rendered":"<p>Redacci\u00f3n Como Crhistian C. S., de 10 a\u00f1os de edad, fue identificado el menor de&hellip;<\/p>\n","protected":false},"author":2,"featured_media":2252,"comment_status":"closed","ping_status":"open","sticky":false,"template":"","format":"standard","meta":{"_lmt_disableupdate":"","_lmt_disable":"","_jetpack_memberships_contains_paid_content":false,"footnotes":""},"categories":[109,51],"tags":[344],"class_list":["post-2251","post","type-post","status-publish","format-standard","has-post-thumbnail","hentry","category-minuto-a-minuto","category-zona-roja","tag-nino-porteria-san-agustin-de-las-juntas"],"jetpack_featured_media_url":"https:\/\/zonaroja.com.mx\/wp-content\/uploads\/2019\/07\/Ni\u00f1o-porter\u00eda-San-Agust\u00edn-de-las-Juntas.jpg","jetpack_sharing_enabled":true,"_links":{"self":[{"href":"https:\/\/zonaroja.com.mx\/index.php?rest_route=\/wp\/v2\/posts\/2251","targetHints":{"allow":["GET"]}}],"collection":[{"href":"https:\/\/zonaroja.com.mx\/index.php?rest_route=\/wp\/v2\/posts"}],"about":[{"href":"https:\/\/zonaroja.com.mx\/index.php?rest_route=\/wp\/v2\/types\/post"}],"author":[{"embeddable":true,"href":"https:\/\/zonaroja.com.mx\/index.php?rest_route=\/wp\/v2\/users\/2"}],"replies":[{"embeddable":true,"href":"https:\/\/zonaroja.com.mx\/index.php?rest_route=%2Fwp%2Fv2%2Fcomments&post=2251"}],"version-history":[{"count":1,"href":"https:\/\/zonaroja.com.mx\/index.php?rest_route=\/wp\/v2\/posts\/2251\/revisions"}],"predecessor-version":[{"id":2253,"href":"https:\/\/zonaroja.com.mx\/index.php?rest_route=\/wp\/v2\/posts\/2251\/revisions\/2253"}],"wp:featuredmedia":[{"embeddable":true,"href":"https:\/\/zonaroja.com.mx\/index.php?rest_route=\/wp\/v2\/media\/2252"}],"wp:attachment":[{"href":"https:\/\/zonaroja.com.mx\/index.php?rest_route=%2Fwp%2Fv2%2Fmedia&parent=2251"}],"wp:term":[{"taxonomy":"category","embeddable":true,"href":"https:\/\/zonaroja.com.mx\/index.php?rest_route=%2Fwp%2Fv2%2Fcategories&post=2251"},{"taxonomy":"post_tag","embeddable":true,"href":"https:\/\/zonaroja.com.mx\/index.php?rest_route=%2Fwp%2Fv2%2Ftags&post=2251"}],"curies":[{"name":"wp","href":"https:\/\/api.w.org\/{rel}","templated":true}]}}