{"id":22511,"date":"2021-01-17T14:05:41","date_gmt":"2021-01-17T20:05:41","guid":{"rendered":"http:\/\/www.zonaroja.com.mx\/?p=22511"},"modified":"2021-01-17T14:05:44","modified_gmt":"2021-01-17T20:05:44","slug":"ahora-son-colegios-de-abogados-quienes-piden-reforzar-acciones-ante-covid","status":"publish","type":"post","link":"https:\/\/zonaroja.com.mx\/?p=22511","title":{"rendered":"Ahora son colegios de abogados quienes piden reforzar acciones ante Covid"},"content":{"rendered":"\n<p>Ismael Garc\u00eda M.\/Zona Roja.<\/p>\n\n\n\n<p>Oaxaca de Ju\u00e1rez, Oax., 17 de enero de 2021.- Luego del pronunciamiento de asociaciones de m\u00e9dicos, al menos una docena de colegios, barras y asociaciones de abogados de Oaxaca pidieron al gobernador Alejandro Murat Hinojoza reforzar las acciones para evitar un mayor n\u00famero de casos de Covid.<\/p>\n\n\n\n<p>\u201cSolicitamos que se sirva tomar las medidas necesarias urgentes para el efecto de evitar la movilidad de la poblaci\u00f3n, con efectos vinculantes sancionatorios administrativas\u201d, expusieron en un comunicado.<\/p>\n\n\n\n<p>Entre otras medidas, plantearon un plan de reforzamiento de las medidas sanitarias para contener la emergencia sanitaria, haciendo mayor difusi\u00f3n en medios de comunicaci\u00f3n y redes sociales, solicitando la participaci\u00f3n y el apoyo de la poblaci\u00f3n para prevenir la propagaci\u00f3n del Covid-19.<\/p>\n\n\n\n<p>Promover el uso correcto y obligatorio de cubre bocas, (que cubra la nariz y la barbilla) proporcionar insumos (cubre bocas) a personas de escasos recursos; due los tianguistas y en el comercio ambulante use correctamente cubrebocas y gel antibacterial.<\/p>\n\n\n\n<p>Adem\u00e1s, cumplir adecuadamente las medidas sanitarias, respetar la sana distancia entre personas, evitar estar en lugares cerrados, uso de gel antibacterial, no autorizar eventos sociales ni permitir estos, incluyendo acciones masivas de partidos pol\u00edticos y permanecer en casa.<\/p>\n\n\n\n<p>Tambi\u00e9n, invitar al sector empresarial a que se sumen a la prevenci\u00f3n y evitar contagios a trav\u00e9s de la reducci\u00f3n de horarios, control estricto en la afluencia de personas que entren a sus negocios.<\/p>\n\n\n\n<p>Aplica la reducci\u00f3n de pasajeros al 50% o intercalados en sus asientos de su capacidad de cada cami\u00f3n en el transporte p\u00fablico y los taxis colectivos hasta un m\u00e1ximo de cinco personas incluyendo al chofer, tres en la parte posterior y un pasajero en el lado del copiloto, comisionando a la polic\u00eda v\u00eda municipal, estatal, o de la competencia de cada municipio para el estricto control de esta medida, uso obligatorio de cubre bocas para cada uno de los pasajeros y conductor.<\/p>\n\n\n\n<p>\u201cToma de conciencia de la poblaci\u00f3n en general que si no nos cuidamos nosotros mismos, esto tambi\u00e9n se convertir\u00e1 en una lucha campal por la sobrevivencia humana, de s\u00e1lvese quien pueda, y ya est\u00e1 sucediendo por la falta de atenci\u00f3n m\u00e9dica en los hospitales y como consecuencia de ello gran n\u00famero de muertes.<\/p>\n\n\n\n<p>\u201cLo anterior con el fin de evitar que se llegue al sem\u00e1foro rojo y apoyar al sector salud que actualmente se encuentra colapsado\u201d, plantearon los presidentes de las agrupaciones Abogados en L\u00ednea Horizontal, Barra Mixta de Procuradores de Justicia, Academia Mexicana de Derecho Procesal del Trabajo.<\/p>\n\n\n\n<p>Tambi\u00e9n, Praxis Universitaria, Barra de Abogados de la Villa de Etla, Colegio Nacional de Licenciados en Derecho Barra Nacional de Abogados Cap\u00edtulo Oaxaca, Colegio Oaxaque\u00f1os de Doctores en Derecho Foro Permanente de Abogados.<\/p>\n\n\n\n<p>Ilustre Colegio de Abogados del Juicio Oral Cap\u00ectulo Oaxaca, Foro Oaxaque\u00f1o de Justicia y Barra Mexicana Colegio de Abogados de Oaxaca.<\/p>\n\n\n\n<p>Apenas la semana pasada, el Colegio M\u00e9dico de Oaxaca, que agrupa a diversos gremios de galenos, tambi\u00e9n pidi\u00f3 a las autoridades estatales reforzar las acciones para evitar m\u00e1s contagios e incluso retornar al sem\u00e1foro epidemiol\u00f3gico rojo, para confinar a la poblaci\u00f3n.<\/p>\n","protected":false},"excerpt":{"rendered":"<p>Ismael Garc\u00eda M.\/Zona Roja. Oaxaca de Ju\u00e1rez, Oax., 17 de enero de 2021.- Luego del&hellip;<\/p>\n","protected":false},"author":2,"featured_media":22512,"comment_status":"closed","ping_status":"open","sticky":false,"template":"","format":"standard","meta":{"_lmt_disableupdate":"","_lmt_disable":"","_jetpack_memberships_contains_paid_content":false,"footnotes":""},"categories":[109,47],"tags":[1512],"class_list":["post-22511","post","type-post","status-publish","format-standard","has-post-thumbnail","hentry","category-minuto-a-minuto","category-zona-gris","tag-coronavirus-oaxaca"],"jetpack_featured_media_url":"https:\/\/zonaroja.com.mx\/wp-content\/uploads\/2021\/01\/Gente-Covid-alameda.jpg","jetpack_sharing_enabled":true,"_links":{"self":[{"href":"https:\/\/zonaroja.com.mx\/index.php?rest_route=\/wp\/v2\/posts\/22511","targetHints":{"allow":["GET"]}}],"collection":[{"href":"https:\/\/zonaroja.com.mx\/index.php?rest_route=\/wp\/v2\/posts"}],"about":[{"href":"https:\/\/zonaroja.com.mx\/index.php?rest_route=\/wp\/v2\/types\/post"}],"author":[{"embeddable":true,"href":"https:\/\/zonaroja.com.mx\/index.php?rest_route=\/wp\/v2\/users\/2"}],"replies":[{"embeddable":true,"href":"https:\/\/zonaroja.com.mx\/index.php?rest_route=%2Fwp%2Fv2%2Fcomments&post=22511"}],"version-history":[{"count":1,"href":"https:\/\/zonaroja.com.mx\/index.php?rest_route=\/wp\/v2\/posts\/22511\/revisions"}],"predecessor-version":[{"id":22513,"href":"https:\/\/zonaroja.com.mx\/index.php?rest_route=\/wp\/v2\/posts\/22511\/revisions\/22513"}],"wp:featuredmedia":[{"embeddable":true,"href":"https:\/\/zonaroja.com.mx\/index.php?rest_route=\/wp\/v2\/media\/22512"}],"wp:attachment":[{"href":"https:\/\/zonaroja.com.mx\/index.php?rest_route=%2Fwp%2Fv2%2Fmedia&parent=22511"}],"wp:term":[{"taxonomy":"category","embeddable":true,"href":"https:\/\/zonaroja.com.mx\/index.php?rest_route=%2Fwp%2Fv2%2Fcategories&post=22511"},{"taxonomy":"post_tag","embeddable":true,"href":"https:\/\/zonaroja.com.mx\/index.php?rest_route=%2Fwp%2Fv2%2Ftags&post=22511"}],"curies":[{"name":"wp","href":"https:\/\/api.w.org\/{rel}","templated":true}]}}