{"id":22514,"date":"2021-01-17T15:07:08","date_gmt":"2021-01-17T21:07:08","guid":{"rendered":"http:\/\/www.zonaroja.com.mx\/?p=22514"},"modified":"2021-01-17T15:07:12","modified_gmt":"2021-01-17T21:07:12","slug":"ciclistas-piden-a-legisladores-actualizar-leyes-de-movilidad-denuncian-impunidad","status":"publish","type":"post","link":"https:\/\/zonaroja.com.mx\/?p=22514","title":{"rendered":"Ciclistas piden a legisladores actualizar leyes de movilidad; denuncian impunidad"},"content":{"rendered":"\n<p>Ismael Garc\u00eda M.\/Zona Roja.<\/p>\n\n\n\n<p>Oaxaca de Ju\u00e1rez, Oax., 17 de enero de 2021.- A un mes de la muerte de la joven Gabriela Soto, v\u00edctima de atropellamiento, ciclistas de Oaxaca denunciaron impunidad en el caso, pues a la fecha no se ha detenido al conductor de la unidad de motor ni se ha cancelado la concesi\u00f3n a la empresa \u201cZaachila Yoo\u201d.<\/p>\n\n\n\n<p>Los hechos sucedieron el 18 de diciembre de 2020, en que un cami\u00f3n de pasajeros arroll\u00f3 a la profesionista, cuando transitaba por el bulevar Guadalupe Hinojosa de Santa Cruz Xoxocotl\u00e1n, municipio conurbado a la capital.<\/p>\n\n\n\n<p>Por ello, este domingo, decenas de ciclistas se concentraron frente al templo de Santo Domingo de Guzm\u00e1n, en el Centro Hist\u00f3rico de la ciudad y efectuaron una rodada hacia las oficinas de la Fiscal\u00eda General del Estado, en la calle Arista.<\/p>\n\n\n\n<p>En el marco de la movilizaci\u00f3n que se realiz\u00f3 en al menos 20 entidades del pa\u00eds, en la capital oaxaque\u00f1a demandaron al Poder Legislativo armonizar las leyes y programas gubernamentales de protecci\u00f3n a quienes usan el transporte no contaminante.<\/p>\n\n\n\n<figure class=\"wp-block-embed-twitter wp-block-embed is-type-rich is-provider-twitter\"><div class=\"wp-block-embed__wrapper\">\n<div class=\"twitter-tweet\"><blockquote class=\"twitter-tweet\" data-lang=\"es\"><p lang=\"es\" dir=\"ltr\"><a href=\"https:\/\/twitter.com\/hashtag\/JusticiaParaGabySoto?src=hash&amp;ref_src=twsrc%5Etfw\">#JusticiaParaGabySoto<\/a><br>Esta ma\u00f1ana se realiza en la ciudad de <a href=\"https:\/\/twitter.com\/hashtag\/Oaxaca?src=hash&amp;ref_src=twsrc%5Etfw\">#Oaxaca<\/a> una rodada a fin de exigir justicia para Gabriela Soto, joven atropellada y muerta hace un mes en Santa Cruz Xoxocotl\u00e1n, por un cami\u00f3n de pasajeros. <a href=\"https:\/\/t.co\/zER3h0MiVM\">pic.twitter.com\/zER3h0MiVM<\/a><\/p>&mdash; Zona Roja Oaxaca (@MexRoja) <a href=\"https:\/\/twitter.com\/MexRoja\/status\/1350822250124075013?ref_src=twsrc%5Etfw\">17 de enero de 2021<\/a><\/blockquote><\/div>\n<\/div><\/figure>\n\n\n\n<p>\u201cNo s\u00f3lo es por Gaby sino por cada uno de los cicilistas que cada d\u00eda tienen el riesgo de morir atropellados por un accidente de tr\u00e1nsito\u2026 De poco sirven leyes si no hay actos permanentes que garanticen la vida\u201d, se\u00f1alaron.<\/p>\n\n\n\n<p>A\u00f1adieron que a partir de la reforma constitucional, los legisladores tienen los pr\u00f3ximos meses para construir y aprobar la primera Ley General de Movilidad y Seguridad Vial de M\u00e9xico, que deber\u00e1 establecer coordinaci\u00f3n entre los tres niveles de gobierno.<\/p>\n\n\n\n<p>Aunado a ello, en el caso de las entidades y en particular de Oaxaca, pidieron la instalaci\u00f3n de un consejo asesor de movilidad y seguridad vial, previsto en la ley; adem\u00e1s, la publicaci\u00f3n de un programa integral de seguridad vial, con trabajo comprometido de todas las instancias para disminuir el n\u00famero de hechos de tr\u00e1nsito, lesiones y v\u00edctimas fatales.<\/p>\n\n\n\n<figure class=\"wp-block-embed-twitter wp-block-embed is-type-rich is-provider-twitter\"><div class=\"wp-block-embed__wrapper\">\n<div class=\"twitter-tweet\"><blockquote class=\"twitter-tweet\" data-lang=\"es\"><p lang=\"es\" dir=\"ltr\"><a href=\"https:\/\/twitter.com\/hashtag\/JusticiaParaGabySoto?src=hash&amp;ref_src=twsrc%5Etfw\">#JusticiaParaGabySoto<\/a><br>En la sede de la <a href=\"https:\/\/twitter.com\/FISCALIA_GobOax?ref_src=twsrc%5Etfw\">@FISCALIA_GobOax<\/a> del centro de la ciudad de <a href=\"https:\/\/twitter.com\/hashtag\/Oaxaca?src=hash&amp;ref_src=twsrc%5Etfw\">#Oaxaca<\/a> culmin\u00f3 la rodada de protesta de ciclistas, quienes denunciaron nulos avances en las investigaciones contra el autor del atropellamiento, que sigue impune. <a href=\"https:\/\/t.co\/FLoyDDSYgG\">pic.twitter.com\/FLoyDDSYgG<\/a><\/p>&mdash; Zona Roja Oaxaca (@MexRoja) <a href=\"https:\/\/twitter.com\/MexRoja\/status\/1350901729425035265?ref_src=twsrc%5Etfw\">17 de enero de 2021<\/a><\/blockquote><\/div>\n<\/div><\/figure>\n","protected":false},"excerpt":{"rendered":"<p>Ismael Garc\u00eda M.\/Zona Roja. Oaxaca de Ju\u00e1rez, Oax., 17 de enero de 2021.- A un&hellip;<\/p>\n","protected":false},"author":2,"featured_media":22515,"comment_status":"closed","ping_status":"open","sticky":false,"template":"","format":"standard","meta":{"_lmt_disableupdate":"","_lmt_disable":"","_jetpack_memberships_contains_paid_content":false,"footnotes":""},"categories":[109,47],"tags":[2304],"class_list":["post-22514","post","type-post","status-publish","format-standard","has-post-thumbnail","hentry","category-minuto-a-minuto","category-zona-gris","tag-gabriela-soto"],"jetpack_featured_media_url":"https:\/\/zonaroja.com.mx\/wp-content\/uploads\/2021\/01\/Rodada-ciclistas-Oaxaca.jpg","jetpack_sharing_enabled":true,"_links":{"self":[{"href":"https:\/\/zonaroja.com.mx\/index.php?rest_route=\/wp\/v2\/posts\/22514","targetHints":{"allow":["GET"]}}],"collection":[{"href":"https:\/\/zonaroja.com.mx\/index.php?rest_route=\/wp\/v2\/posts"}],"about":[{"href":"https:\/\/zonaroja.com.mx\/index.php?rest_route=\/wp\/v2\/types\/post"}],"author":[{"embeddable":true,"href":"https:\/\/zonaroja.com.mx\/index.php?rest_route=\/wp\/v2\/users\/2"}],"replies":[{"embeddable":true,"href":"https:\/\/zonaroja.com.mx\/index.php?rest_route=%2Fwp%2Fv2%2Fcomments&post=22514"}],"version-history":[{"count":1,"href":"https:\/\/zonaroja.com.mx\/index.php?rest_route=\/wp\/v2\/posts\/22514\/revisions"}],"predecessor-version":[{"id":22516,"href":"https:\/\/zonaroja.com.mx\/index.php?rest_route=\/wp\/v2\/posts\/22514\/revisions\/22516"}],"wp:featuredmedia":[{"embeddable":true,"href":"https:\/\/zonaroja.com.mx\/index.php?rest_route=\/wp\/v2\/media\/22515"}],"wp:attachment":[{"href":"https:\/\/zonaroja.com.mx\/index.php?rest_route=%2Fwp%2Fv2%2Fmedia&parent=22514"}],"wp:term":[{"taxonomy":"category","embeddable":true,"href":"https:\/\/zonaroja.com.mx\/index.php?rest_route=%2Fwp%2Fv2%2Fcategories&post=22514"},{"taxonomy":"post_tag","embeddable":true,"href":"https:\/\/zonaroja.com.mx\/index.php?rest_route=%2Fwp%2Fv2%2Ftags&post=22514"}],"curies":[{"name":"wp","href":"https:\/\/api.w.org\/{rel}","templated":true}]}}