{"id":22517,"date":"2021-01-17T18:18:41","date_gmt":"2021-01-18T00:18:41","guid":{"rendered":"http:\/\/www.zonaroja.com.mx\/?p=22517"},"modified":"2021-01-17T18:18:44","modified_gmt":"2021-01-18T00:18:44","slug":"desmiente-pan-municipal-alianza-electoral-con-pan-y-pri","status":"publish","type":"post","link":"https:\/\/zonaroja.com.mx\/?p=22517","title":{"rendered":"Desmiente PAN municipal alianza electoral con PAN y PRI"},"content":{"rendered":"\n<p>Redacci\u00f3n\/Zona Roja.<\/p>\n\n\n\n<p>Oaxaca de Ju\u00e1rez, Oax., 17 de enero de 2021.- El Partido Acci\u00f3n Nacional en la capital tiene al menos tres aspirantes a la presidencia municipal de Oaxaca de Ju\u00e1rez, asegur\u00f3 hoy su comit\u00e9 municipal.<\/p>\n\n\n\n<p>Con ello cerr\u00f3 tambi\u00e9n las puertas a Samuel Gurri\u00f3n Mat\u00edas, secretario del Medio Ambiente del gobierno estatal, quien se promov\u00eda en busca de ser postulado a la alcald\u00eda por el blanquiazul.<\/p>\n\n\n\n<p>En conferencia de prensa, la dirigencia municipal panista rechaz\u00f3 una alianza con el PRI y el PRD en la contienda local; y en caso de ir por una candidatura com\u00fan, pondr\u00edan a la candidata a la primera concejal\u00eda, pues asegur\u00f3 que es la segunda fuerza pol\u00edtica.<\/p>\n\n\n\n<p>\u201cEn relaci\u00f3n de la serie de comunicados que estuvieron circulando, a que el PAN da su aval a una candidatura en com\u00fan o en alianza con los partidos PRI y PRD.<\/p>\n\n\n\n<p>\u201cEsto que est\u00e1 circulando es totalmente falso, a\u00fan no son tiempos de determinaciones; cada partido pol\u00edtico emitir\u00e1 en su momento las convocatorias necesarias y se tendr\u00e1n que adecuar a esos t\u00e9rminos.<\/p>\n\n\n\n<p>\u201cTenemos grandes perfiles de mujeres de acci\u00f3n, panistas de gran trayectoria, tres mujeres han manifestado su intenci\u00f3n de encabezar la planilla de Acci\u00f3n Nacional. Tenemos con qu\u00e9, es el momento oportuno que Acci\u00f3n Nacional recobre la capital\u201d, dijo la presidenta del comit\u00e9, Laura Aguilar Chagoya.<\/p>\n\n\n\n<figure class=\"wp-block-embed-twitter wp-block-embed is-type-rich is-provider-twitter\"><div class=\"wp-block-embed__wrapper\">\n<div class=\"twitter-tweet\"><blockquote class=\"twitter-tweet\" data-lang=\"es\"><p lang=\"es\" dir=\"ltr\"><a href=\"https:\/\/twitter.com\/hashtag\/ENVIVO?src=hash&amp;ref_src=twsrc%5Etfw\">#ENVIVO<\/a><br>Oaxaca de Ju\u00e1rez, Oax., 17 de enero de 2021. Conferencia de prensa del Comit\u00e9 Municipal del PAN.<br>Rechaza acuerdo con el PRD y PRI para candidatura com\u00fan a la presidencia municipal de la capital. <br>Aqu\u00ed la transmisi\u00f3n:<br>\ud83d\udc47<a href=\"https:\/\/t.co\/MxLKt7vl44\">https:\/\/t.co\/MxLKt7vl44<\/a> <a href=\"https:\/\/t.co\/tSFvzekeEK\">pic.twitter.com\/tSFvzekeEK<\/a><\/p>&mdash; Zona Roja Oaxaca (@MexRoja) <a href=\"https:\/\/twitter.com\/MexRoja\/status\/1350855311188439040?ref_src=twsrc%5Etfw\">17 de enero de 2021<\/a><\/blockquote><\/div>\n<\/div><\/figure>\n\n\n\n<p>Las mujeres que buscan la presidencia municipal por Acci\u00f3n Nacional, son Mirna L\u00f3pez Torres, Alejandra Garc\u00eda Morlan y Mar\u00eda Eugenia Pombo.<\/p>\n\n\n\n<p>&#8211;Se dec\u00eda incluso que ya hab\u00eda acuerdo para que Javier Villaca\u00f1a encabezara esta alianza.<\/p>\n\n\n\n<p>&#8211;Como vuelvo a manifestar, no hemos dado el aval, el comit\u00e9 directivo municipal del PAN no ha dado su aval para una candidatura com\u00fan, consideramos que tenemos los mejores perfiles para encabezar nuestra propia planilla, creo que es momento en que podemos ir por nuestras propias fuerzas a medirnos en las urnas.<\/p>\n\n\n\n<p>De esta manera descartaron el respaldo a un priista, luego de que se se\u00f1alara que Javier Villaca\u00f1a Jim\u00e9nez ser\u00eda quien encabezar\u00e1 la candidatura com\u00fan entre estos tres partidos, quienes han denominado a su coalici\u00f3n como \u201cVa por Oaxaca\u201d.<\/p>\n","protected":false},"excerpt":{"rendered":"<p>Redacci\u00f3n\/Zona Roja. Oaxaca de Ju\u00e1rez, Oax., 17 de enero de 2021.- El Partido Acci\u00f3n Nacional&hellip;<\/p>\n","protected":false},"author":2,"featured_media":22518,"comment_status":"closed","ping_status":"open","sticky":false,"template":"","format":"standard","meta":{"_lmt_disableupdate":"","_lmt_disable":"","_jetpack_memberships_contains_paid_content":false,"footnotes":""},"categories":[109,47],"tags":[2364],"class_list":["post-22517","post","type-post","status-publish","format-standard","has-post-thumbnail","hentry","category-minuto-a-minuto","category-zona-gris","tag-partido-accion-nacional-pan-oaxaca"],"jetpack_featured_media_url":"https:\/\/zonaroja.com.mx\/wp-content\/uploads\/2021\/01\/Conferencia-PAN-municipal.jpg","jetpack_sharing_enabled":true,"_links":{"self":[{"href":"https:\/\/zonaroja.com.mx\/index.php?rest_route=\/wp\/v2\/posts\/22517","targetHints":{"allow":["GET"]}}],"collection":[{"href":"https:\/\/zonaroja.com.mx\/index.php?rest_route=\/wp\/v2\/posts"}],"about":[{"href":"https:\/\/zonaroja.com.mx\/index.php?rest_route=\/wp\/v2\/types\/post"}],"author":[{"embeddable":true,"href":"https:\/\/zonaroja.com.mx\/index.php?rest_route=\/wp\/v2\/users\/2"}],"replies":[{"embeddable":true,"href":"https:\/\/zonaroja.com.mx\/index.php?rest_route=%2Fwp%2Fv2%2Fcomments&post=22517"}],"version-history":[{"count":1,"href":"https:\/\/zonaroja.com.mx\/index.php?rest_route=\/wp\/v2\/posts\/22517\/revisions"}],"predecessor-version":[{"id":22519,"href":"https:\/\/zonaroja.com.mx\/index.php?rest_route=\/wp\/v2\/posts\/22517\/revisions\/22519"}],"wp:featuredmedia":[{"embeddable":true,"href":"https:\/\/zonaroja.com.mx\/index.php?rest_route=\/wp\/v2\/media\/22518"}],"wp:attachment":[{"href":"https:\/\/zonaroja.com.mx\/index.php?rest_route=%2Fwp%2Fv2%2Fmedia&parent=22517"}],"wp:term":[{"taxonomy":"category","embeddable":true,"href":"https:\/\/zonaroja.com.mx\/index.php?rest_route=%2Fwp%2Fv2%2Fcategories&post=22517"},{"taxonomy":"post_tag","embeddable":true,"href":"https:\/\/zonaroja.com.mx\/index.php?rest_route=%2Fwp%2Fv2%2Ftags&post=22517"}],"curies":[{"name":"wp","href":"https:\/\/api.w.org\/{rel}","templated":true}]}}