{"id":22521,"date":"2021-01-17T20:01:09","date_gmt":"2021-01-18T02:01:09","guid":{"rendered":"http:\/\/www.zonaroja.com.mx\/?p=22521"},"modified":"2021-01-17T20:01:12","modified_gmt":"2021-01-18T02:01:12","slug":"ciclista-arrollada-en-huajuapan-pide-ayuda-para-la-operacion-que-le-devuelva-movilidad","status":"publish","type":"post","link":"https:\/\/zonaroja.com.mx\/?p=22521","title":{"rendered":"Ciclista arrollada en Huajuapan pide ayuda para la operaci\u00f3n que le devuelva movilidad"},"content":{"rendered":"\n<p>Evlin Arag\u00f3n\/Zona Roja.<\/p>\n\n\n\n<p>Oaxaca de Ju\u00e1rez, Oax., 17 de enero de 2021.- El pasado 29 de diciembre, la vida de Aderith Mart\u00ednez L\u00f3pez cambi\u00f3 para siempre, luego de ser arrollada, en inmediaciones de Huajuapan de Le\u00f3n, por un cami\u00f3n de doble remolque mientras andaba en bicicleta. Hoy hace un llamado a la solidaridad de la poblaci\u00f3n para volver a caminar.&nbsp;&nbsp;&nbsp;<\/p>\n\n\n\n<p>A sus 26 a\u00f1os y como lo hacen muchas j\u00f3venes de su edad, sali\u00f3 a dar una vuelta en bicicleta &#8211;su principal medio de transporte- con la intenci\u00f3n de sentir el aire fresco y despejarse de la realidad que la pandemia ha tra\u00eddo para toda la poblaci\u00f3n. Ello sin pensar en lo que vendr\u00eda despu\u00e9s.<\/p>\n\n\n\n<p>\u201cSal\u00ed en bicicleta por mi ciudad y a un par de manzanas lejos de casa, mi vida cambi\u00f3 por completo cuando un desconocido me quit\u00f3 la libertad; mi libertad de bicicleta, de caminar, de seguir adelante en la vida\u201d, cuenta en el relato que ella misma posteo en sus redes sociales.&nbsp;&nbsp;<\/p>\n\n\n\n<p>El chofer de un cami\u00f3n de doble remolque la empuj\u00f3, la atropell\u00f3 y la arroj\u00f3 a la acera. Relata que el impacto fue tan duro que no solo ella, sino tambi\u00e9n muchos de sus sue\u00f1os salieron volando en ese momento. La horrible ca\u00edda, despu\u00e9s del impacto, fue s\u00f3lo el comienzo.<\/p>\n\n\n\n<p>Aderith no s\u00f3lo vio c\u00f3mo su bicicleta qued\u00f3 destrozada, sino tambi\u00e9n una parte de ella misma que literalmente se rompi\u00f3 ese d\u00eda.&nbsp;<\/p>\n\n\n\n<p>El diagn\u00f3stico: fractura multifragmentaria de L1 con invasi\u00f3n a la cavidad espinal, predominante gonartrosis bilateral izquierdo grado IV. As\u00ed como una probable aflicci\u00f3n al disco intervertebral T12 &#8211; L1.<\/p>\n\n\n\n<p>Para recuperar la movilidad necesita una cirug\u00eda donde colocar\u00e1n un implante de cuatro a ocho tornillos transpediculares y dos varillas de titanio con un costo de 230 mil pesos, traducidos en 11 mil 400 d\u00f3lares, con los que desafortunadamente no cuenta. De ah\u00ed que decidiera hacer un llamado a la solidaridad de la poblaci\u00f3n.<\/p>\n\n\n\n<p>\u201cSi est\u00e1 dentro de tus posibilidades econ\u00f3micas apoyarme, ten por seguro que me dar\u00e1s una gran segunda oportunidad en la vida. Por favor comparte mi historia para que se haga viral. Si donas, me das esperanza de volver a caminar\u201d, refiere.&nbsp;<\/p>\n\n\n\n<p>La joven s\u00f3lo busca una oportunidad de caminar de nuevo y sentir sus pies en la tierra. Desde ese 29 de diciembre y hasta la fecha no ha podido ponerse en pie y de no cumplir con el procedimiento quir\u00fargico, dif\u00edcilmente lo conseguir\u00e1.&nbsp;<\/p>\n\n\n\n<p>Por ello ha puesto a la disposici\u00f3n de la gente de buen coraz\u00f3n un n\u00famero de cuenta y una cuenta de Paypal por medio de la cual se pueden recibir donaciones. \u201cQue todo el amor y la ayuda que me das hoy vuelva a ti mil veces\u201d, manifiesta.&nbsp;<\/p>\n\n\n\n<p>La cuenta est\u00e1 a nombre de Aderith Mart\u00ednez L\u00f3pez y fuer abierta en el banco HSBC con n\u00famero: 6452537362; n\u00famero de tarjeta: 4213166131506499 y<\/p>\n\n\n\n<p>CLABE: 021614064525373623. Mientras que la cuenta de paypal es la siguiente: <a href=\"https:\/\/www.paypal.me\/aderithmartinez\">https:\/\/www.paypal.me\/aderithmartinez<\/a><\/p>\n","protected":false},"excerpt":{"rendered":"<p>Evlin Arag\u00f3n\/Zona Roja. Oaxaca de Ju\u00e1rez, Oax., 17 de enero de 2021.- El pasado 29&hellip;<\/p>\n","protected":false},"author":2,"featured_media":22522,"comment_status":"closed","ping_status":"open","sticky":false,"template":"","format":"standard","meta":{"_lmt_disableupdate":"","_lmt_disable":"","_jetpack_memberships_contains_paid_content":false,"footnotes":""},"categories":[109,46],"tags":[2377],"class_list":["post-22521","post","type-post","status-publish","format-standard","has-post-thumbnail","hentry","category-minuto-a-minuto","category-zona-blanca","tag-aderith-martinez-lopez"],"jetpack_featured_media_url":"https:\/\/zonaroja.com.mx\/wp-content\/uploads\/2021\/01\/Ciclista-atropellada-Huajuapan.jpg","jetpack_sharing_enabled":true,"_links":{"self":[{"href":"https:\/\/zonaroja.com.mx\/index.php?rest_route=\/wp\/v2\/posts\/22521","targetHints":{"allow":["GET"]}}],"collection":[{"href":"https:\/\/zonaroja.com.mx\/index.php?rest_route=\/wp\/v2\/posts"}],"about":[{"href":"https:\/\/zonaroja.com.mx\/index.php?rest_route=\/wp\/v2\/types\/post"}],"author":[{"embeddable":true,"href":"https:\/\/zonaroja.com.mx\/index.php?rest_route=\/wp\/v2\/users\/2"}],"replies":[{"embeddable":true,"href":"https:\/\/zonaroja.com.mx\/index.php?rest_route=%2Fwp%2Fv2%2Fcomments&post=22521"}],"version-history":[{"count":1,"href":"https:\/\/zonaroja.com.mx\/index.php?rest_route=\/wp\/v2\/posts\/22521\/revisions"}],"predecessor-version":[{"id":22523,"href":"https:\/\/zonaroja.com.mx\/index.php?rest_route=\/wp\/v2\/posts\/22521\/revisions\/22523"}],"wp:featuredmedia":[{"embeddable":true,"href":"https:\/\/zonaroja.com.mx\/index.php?rest_route=\/wp\/v2\/media\/22522"}],"wp:attachment":[{"href":"https:\/\/zonaroja.com.mx\/index.php?rest_route=%2Fwp%2Fv2%2Fmedia&parent=22521"}],"wp:term":[{"taxonomy":"category","embeddable":true,"href":"https:\/\/zonaroja.com.mx\/index.php?rest_route=%2Fwp%2Fv2%2Fcategories&post=22521"},{"taxonomy":"post_tag","embeddable":true,"href":"https:\/\/zonaroja.com.mx\/index.php?rest_route=%2Fwp%2Fv2%2Ftags&post=22521"}],"curies":[{"name":"wp","href":"https:\/\/api.w.org\/{rel}","templated":true}]}}