{"id":22532,"date":"2021-01-18T09:35:04","date_gmt":"2021-01-18T15:35:04","guid":{"rendered":"http:\/\/www.zonaroja.com.mx\/?p=22532"},"modified":"2021-01-18T09:35:11","modified_gmt":"2021-01-18T15:35:11","slug":"cuadernos-de-la-pandemia-resume-el-paso-de-covid-19-en-oaxaca-en-2020","status":"publish","type":"post","link":"https:\/\/zonaroja.com.mx\/?p=22532","title":{"rendered":"\u201cCuadernos de la pandemia\u201d resume el paso de Covid-19 en Oaxaca en 2020"},"content":{"rendered":"\n<p>Evlin Arag\u00f3n\/Zona Roja.<\/p>\n\n\n\n<p>Oaxaca de Ju\u00e1rez, Oax., 18 de enero de 2021.- \u201cNadie doma a la pandemia\u201d, es la premisa de la m\u00e1s reciente emisi\u00f3n de la revista \u201cCuadernos de la pandemia\u201d, que en esta ocasi\u00f3n evidencia como las esperanzas en torno a la llegada de la vacuna para prevenir la Covid-19 se van mermando debido a los altos \u00edndices de contagios.&nbsp;<\/p>\n\n\n\n<p>Sin embargo, ni los altos n\u00fameros de contagios, ni los constantes llamados del personal m\u00e9dico en torno al colapso del sector salud, han dado pie a un cambio de estrategia por parte de los gobiernos a nivel federal, estatal y municipal, y mucho menos se ha reducido la movilidad en las calles y las actividades sociales.&nbsp;&nbsp;<\/p>\n\n\n\n<p>Por el contrario, el gobierno de Oaxaca, promovi\u00f3 el arribo de una cantidad importante de turismo que abarroto las calles de la ciudad, lo que dio la impresi\u00f3n de relajamiento a la poblaci\u00f3n que, sin cumplir con las medidas sanitarias, llevaron a cabo las celebraciones navide\u00f1as y de fin de a\u00f1o.&nbsp;&nbsp;<\/p>\n\n\n\n<p>\u201cEl costo de estas omisiones oficiales y conductas sociales irresponsables ya provoc\u00f3 un alarmante repunte de la pandemia y la saturaci\u00f3n de la mayor\u00eda de los hospitales Covid en la entidad\u201d, refiere la publicaci\u00f3n, en su n\u00famero 18.&nbsp;<\/p>\n\n\n\n<p>De ah\u00ed en que esta edici\u00f3n se dedica a realizar un breve recuento de los da\u00f1os provocados por la pandemia, incluso retrata como los propios responsables de velar por la salud de las y los mexicanos se fueron de vacaciones, y como otras enfermedades propias de la temporada se hacen presentes en perjuicio de la poblaci\u00f3n.&nbsp;<\/p>\n\n\n\n<p>As\u00ed mismo, el largo trecho que a\u00fan debemos recorrer durante este nuevo a\u00f1o para lograr la ansiada inmunizaci\u00f3n y sobre la controvertida estrategia gubernamental para priorizar la vacunaci\u00f3n entre la poblaci\u00f3n adulta de los pueblos ind\u00edgenas.<\/p>\n\n\n\n<p>Lo textos que integran el n\u00famero 18 de la revista son: \u201cEl a\u00f1o de las vacunas y de mucho ruido electoral\u201d; \u201cEntre el miedo y la fe\u201d; \u201cDengue, influenza, Covid-19 \u00bfQu\u00e9 hacer?\u201d; \u201c2020: qu\u00e9 aprendimos de los alumnos para mejorar las clases online\u201d; \u201cEl nuevo ciclo escolar y las piedras en el camino\u201d; Oaxaca y Chiapas: pol\u00edtica educativa del avestruz\u201d.<\/p>\n\n\n\n<p>De igual forma: \u201c\u00bfPrimero los adultos ind\u00edgenas?\u201d; \u201cLa revuelta gringa y la pandemia mexicana\u201d; \u201cEl fotorreportero que de verdad amaba a los perros callejeros\u201d; \u201cEducaci\u00f3n financiera en tiempos de Covid\u201d; as\u00ed como los poemas pand\u00e9micos y el ensayo fotogr\u00e1fico.&nbsp;<\/p>\n\n\n\n<p>Mientras que las plumas en esta ocasi\u00f3n son de: Isidoro Yescas, Guadalupe Thomas, Bartolom\u00e9 Rodolfo Navarro Jim\u00e9nez, Prometeo S\u00e1nchez Islas, Samael Hern\u00e1ndez Ruiz, Joel Vicente Cort\u00e9s, Gerardo Garfias Ruiz, Manuel Esparza, Claudio S\u00e1nchez Islas, Fernando Vald\u00e9z Basulto y Flavio Sosa.<\/p>\n","protected":false},"excerpt":{"rendered":"<p>Evlin Arag\u00f3n\/Zona Roja. Oaxaca de Ju\u00e1rez, Oax., 18 de enero de 2021.- \u201cNadie doma a&hellip;<\/p>\n","protected":false},"author":2,"featured_media":22533,"comment_status":"closed","ping_status":"open","sticky":false,"template":"","format":"standard","meta":{"_lmt_disableupdate":"","_lmt_disable":"","_jetpack_memberships_contains_paid_content":false,"footnotes":""},"categories":[109,46],"tags":[1655],"class_list":["post-22532","post","type-post","status-publish","format-standard","has-post-thumbnail","hentry","category-minuto-a-minuto","category-zona-blanca","tag-cuadernos-de-la-pandemia"],"jetpack_featured_media_url":"https:\/\/zonaroja.com.mx\/wp-content\/uploads\/2021\/01\/Cuadernos-de-la-Pandemia-18.jpg","jetpack_sharing_enabled":true,"_links":{"self":[{"href":"https:\/\/zonaroja.com.mx\/index.php?rest_route=\/wp\/v2\/posts\/22532","targetHints":{"allow":["GET"]}}],"collection":[{"href":"https:\/\/zonaroja.com.mx\/index.php?rest_route=\/wp\/v2\/posts"}],"about":[{"href":"https:\/\/zonaroja.com.mx\/index.php?rest_route=\/wp\/v2\/types\/post"}],"author":[{"embeddable":true,"href":"https:\/\/zonaroja.com.mx\/index.php?rest_route=\/wp\/v2\/users\/2"}],"replies":[{"embeddable":true,"href":"https:\/\/zonaroja.com.mx\/index.php?rest_route=%2Fwp%2Fv2%2Fcomments&post=22532"}],"version-history":[{"count":1,"href":"https:\/\/zonaroja.com.mx\/index.php?rest_route=\/wp\/v2\/posts\/22532\/revisions"}],"predecessor-version":[{"id":22534,"href":"https:\/\/zonaroja.com.mx\/index.php?rest_route=\/wp\/v2\/posts\/22532\/revisions\/22534"}],"wp:featuredmedia":[{"embeddable":true,"href":"https:\/\/zonaroja.com.mx\/index.php?rest_route=\/wp\/v2\/media\/22533"}],"wp:attachment":[{"href":"https:\/\/zonaroja.com.mx\/index.php?rest_route=%2Fwp%2Fv2%2Fmedia&parent=22532"}],"wp:term":[{"taxonomy":"category","embeddable":true,"href":"https:\/\/zonaroja.com.mx\/index.php?rest_route=%2Fwp%2Fv2%2Fcategories&post=22532"},{"taxonomy":"post_tag","embeddable":true,"href":"https:\/\/zonaroja.com.mx\/index.php?rest_route=%2Fwp%2Fv2%2Ftags&post=22532"}],"curies":[{"name":"wp","href":"https:\/\/api.w.org\/{rel}","templated":true}]}}