{"id":22536,"date":"2021-01-18T12:40:34","date_gmt":"2021-01-18T18:40:34","guid":{"rendered":"https:\/\/www.zonaroja.com.mx\/?p=22536"},"modified":"2021-01-18T12:40:40","modified_gmt":"2021-01-18T18:40:40","slug":"alarma-covid-en-oaxaca-en-una-semana-1818-casos-positivos-y-84-decesos","status":"publish","type":"post","link":"https:\/\/zonaroja.com.mx\/?p=22536","title":{"rendered":"Alarma Covid en Oaxaca; en una semana, 1,818 casos positivos y 84 decesos"},"content":{"rendered":"\n<p>Evlin Arag\u00f3n\/Zona Roja. <\/p>\n\n\n\n<p>Oaxaca de Ju\u00e1rez, Oax., 18 de enero de 2021.-&nbsp;El titular de los Servicios de Salud de Oaxaca, Donato Casas Escamilla, reconocido que Oaxaca vive una situaci\u00f3n cr\u00edtica en torno a la pandemia por Covid-19, particularmente en la regi\u00f3n de Valles Centrales.&nbsp;&nbsp;<\/p>\n\n\n\n<p>Tan s\u00f3lo durante la semana del 10 al 16 de enero se sumaron mil 818 nuevos casos y 84 fallecimientos, dando un acumulado de 31 mi 466 casos positivos y dos mil 289 muertes por el virus y sus complicaciones.&nbsp;<\/p>\n\n\n\n<p>Mientras que el promedio estatal de ocupaci\u00f3n hospitalaria alcanz\u00f3 un 55.2 por ciento, con un incremento del dos por ciento con respecto a la semana anterior y con reportes de un lleno total en el Hospital Regional de Alta Especialidad.&nbsp;<\/p>\n\n\n\n<p>Las cifras oficiales dejan ver que un aproximado de 360 personas fueron hospitalizadas diariamente en los \u00faltimos d\u00edas, alcanzando el pico m\u00e1ximo el 16 de enero que se reportaron 406 hospitalizaciones.&nbsp;&nbsp;&nbsp;<\/p>\n\n\n\n<p>El funcionario p\u00fablico detall\u00f3 que Valles Centrales, Mixteca y Tuxtepec&nbsp;son&nbsp;<a href=\"\/\/2\">las tres<\/a>jurisdicciones sanitarias que reporten mayor n\u00famero de casos positivos; mientras que en defunciones son: Valles Centrales, Istmo y Sierra las zonas con mayor n\u00famero de registros.&nbsp;&nbsp;<\/p>\n\n\n\n<p>De forma espec\u00edfica las localidades con mayor riesgo de contagio son: Oaxaca de Ju\u00e1rez, sus agencias y municipios conurbados en Valles Centrales; as\u00ed como San Juan Bautista Tuxtepec en la Cuenca; Heroica Ciudad de Huajuapan de Le\u00f3n y Villa de Tamazul\u00e1pam del Progreso en la Mixteca.&nbsp;<\/p>\n\n\n\n<p>As\u00ed mismo Salina Cruz, Santo Domingo Tehuantepec, Heroica Ciudad de Juchit\u00e1n de Zaragoza en el Istmo; y Santa Mar\u00eda Huatulco, Santiago Pinotepa Nacional y Puerto Escondido en la Costa.&nbsp;&nbsp;&nbsp;&nbsp;<\/p>\n\n\n\n<p>PAROS ESCALONADOS<\/p>\n\n\n\n<p>Por su parte el gobernador de Oaxaca, Alejandro Murat Hinojosa, anunci\u00f3 que por consenso el sector empresarial cerrar\u00e1 sus negocios y establecimientos de manera escalonada, as\u00ed como reducir\u00e1n sus horarios laborales.&nbsp;&nbsp;<\/p>\n\n\n\n<p>De acuerdo con el mandatario ser\u00e1n: mercados, tiendas departamentales, comercios, hoteles, restaurantes y la Central de Abasto las que unir\u00e1n esfuerzos para reducir los niveles de contagio que crecieron de forma considerable en la \u00faltima semana.&nbsp;<\/p>\n\n\n\n<p>As\u00ed mismo pidi\u00f3 a la poblaci\u00f3n en general, que en lo que resta del mes de enero se queden en casa, ya que s\u00f3lo reduciendo la movilidad se podr\u00e1n bajar las cifras de contagio en la entidad oaxaque\u00f1a.&nbsp;<\/p>\n\n\n\n<p>Pese a lo anterior refiri\u00f3 que la entidad sigue en sem\u00e1foro naranja, con todo y que el titular de los SSO refiera una situaci\u00f3n cr\u00edtica, particularmente en la zona metropolitana. <\/p>\n","protected":false},"excerpt":{"rendered":"<p>Evlin Arag\u00f3n\/Zona Roja. Oaxaca de Ju\u00e1rez, Oax., 18 de enero de 2021.-&nbsp;El titular de los&hellip;<\/p>\n","protected":false},"author":2,"featured_media":22535,"comment_status":"closed","ping_status":"open","sticky":false,"template":"","format":"standard","meta":{"_lmt_disableupdate":"","_lmt_disable":"","_jetpack_memberships_contains_paid_content":false,"footnotes":""},"categories":[109,47],"tags":[1512],"class_list":["post-22536","post","type-post","status-publish","format-standard","has-post-thumbnail","hentry","category-minuto-a-minuto","category-zona-gris","tag-coronavirus-oaxaca"],"jetpack_featured_media_url":"https:\/\/zonaroja.com.mx\/wp-content\/uploads\/2021\/01\/img_4283.jpg","jetpack_sharing_enabled":true,"_links":{"self":[{"href":"https:\/\/zonaroja.com.mx\/index.php?rest_route=\/wp\/v2\/posts\/22536","targetHints":{"allow":["GET"]}}],"collection":[{"href":"https:\/\/zonaroja.com.mx\/index.php?rest_route=\/wp\/v2\/posts"}],"about":[{"href":"https:\/\/zonaroja.com.mx\/index.php?rest_route=\/wp\/v2\/types\/post"}],"author":[{"embeddable":true,"href":"https:\/\/zonaroja.com.mx\/index.php?rest_route=\/wp\/v2\/users\/2"}],"replies":[{"embeddable":true,"href":"https:\/\/zonaroja.com.mx\/index.php?rest_route=%2Fwp%2Fv2%2Fcomments&post=22536"}],"version-history":[{"count":1,"href":"https:\/\/zonaroja.com.mx\/index.php?rest_route=\/wp\/v2\/posts\/22536\/revisions"}],"predecessor-version":[{"id":22537,"href":"https:\/\/zonaroja.com.mx\/index.php?rest_route=\/wp\/v2\/posts\/22536\/revisions\/22537"}],"wp:featuredmedia":[{"embeddable":true,"href":"https:\/\/zonaroja.com.mx\/index.php?rest_route=\/wp\/v2\/media\/22535"}],"wp:attachment":[{"href":"https:\/\/zonaroja.com.mx\/index.php?rest_route=%2Fwp%2Fv2%2Fmedia&parent=22536"}],"wp:term":[{"taxonomy":"category","embeddable":true,"href":"https:\/\/zonaroja.com.mx\/index.php?rest_route=%2Fwp%2Fv2%2Fcategories&post=22536"},{"taxonomy":"post_tag","embeddable":true,"href":"https:\/\/zonaroja.com.mx\/index.php?rest_route=%2Fwp%2Fv2%2Ftags&post=22536"}],"curies":[{"name":"wp","href":"https:\/\/api.w.org\/{rel}","templated":true}]}}