{"id":2254,"date":"2019-07-14T15:55:08","date_gmt":"2019-07-14T20:55:08","guid":{"rendered":"http:\/\/www.zonaroja.com.mx\/?p=2254"},"modified":"2019-07-14T15:55:11","modified_gmt":"2019-07-14T20:55:11","slug":"asesinan-a-dos-personas-en-municipios-de-la-region-canada","status":"publish","type":"post","link":"https:\/\/zonaroja.com.mx\/?p=2254","title":{"rendered":"Asesinan a dos personas en municipios de la regi\u00f3n Ca\u00f1ada"},"content":{"rendered":"\n<p>Redacci\u00f3n<\/p>\n\n\n\n<p>Oaxaca de\nJu\u00e1rez, Oax., 14 de julio de 2019.- Dos personas fueron asesinadas en las\n\u00faltimas horas en municipios de la regi\u00f3n Ca\u00f1ada del estado de Oaxaca, de\nacuerdo con reportes de corporaciones de seguridad p\u00fablica.<\/p>\n\n\n\n<p>El primer\ncaso ocurri\u00f3 este s\u00e1bado en la colonia La Indita de Teotitl\u00e1n de Flores Mag\u00f3n,\ndonde fue localizado el cuerpo de quien fue identificado como Miguel D\u00edaz\nCarmona, de aproximadamente 66 a\u00f1os de edad.<\/p>\n\n\n\n<p>El hombre\npresenta diversos disparos de arma de fuego en el cuerpo y hasta ahora se\ndesconoce el motivo del homicidio as\u00ed como la identidad del o los probables\nagresores.<\/p>\n\n\n\n<p>Mientras tanto\nque en San Antonio Nanahuatipan fue ultimado a balazos Alberto Santiago Escobar.<\/p>\n\n\n\n<p>Al menos dos\npersonas armadas ingresaron a su domicilio para darle muerte, tras lo cual se\ndieron a la fuga.<\/p>\n\n\n\n<p>Mientras que\nen la localidad de Ignacio Mej\u00eda, del municipio de Teotitl\u00e1n, fue asaltado de\nmanera violenta un individuo en el interior de su marmoler\u00eda; fue trasladado\ngrave a la ciudad de Puebla.<\/p>\n","protected":false},"excerpt":{"rendered":"<p>Redacci\u00f3n Oaxaca de Ju\u00e1rez, Oax., 14 de julio de 2019.- Dos personas fueron asesinadas en&hellip;<\/p>\n","protected":false},"author":2,"featured_media":2255,"comment_status":"closed","ping_status":"open","sticky":false,"template":"","format":"standard","meta":{"_lmt_disableupdate":"","_lmt_disable":"","_jetpack_memberships_contains_paid_content":false,"footnotes":""},"categories":[109,51],"tags":[345],"class_list":["post-2254","post","type-post","status-publish","format-standard","has-post-thumbnail","hentry","category-minuto-a-minuto","category-zona-roja","tag-asesinatos-region-canada-oaxaca"],"jetpack_featured_media_url":"https:\/\/zonaroja.com.mx\/wp-content\/uploads\/2019\/07\/Inseguridad-Oaxaca-3.jpg","jetpack_sharing_enabled":true,"_links":{"self":[{"href":"https:\/\/zonaroja.com.mx\/index.php?rest_route=\/wp\/v2\/posts\/2254","targetHints":{"allow":["GET"]}}],"collection":[{"href":"https:\/\/zonaroja.com.mx\/index.php?rest_route=\/wp\/v2\/posts"}],"about":[{"href":"https:\/\/zonaroja.com.mx\/index.php?rest_route=\/wp\/v2\/types\/post"}],"author":[{"embeddable":true,"href":"https:\/\/zonaroja.com.mx\/index.php?rest_route=\/wp\/v2\/users\/2"}],"replies":[{"embeddable":true,"href":"https:\/\/zonaroja.com.mx\/index.php?rest_route=%2Fwp%2Fv2%2Fcomments&post=2254"}],"version-history":[{"count":1,"href":"https:\/\/zonaroja.com.mx\/index.php?rest_route=\/wp\/v2\/posts\/2254\/revisions"}],"predecessor-version":[{"id":2256,"href":"https:\/\/zonaroja.com.mx\/index.php?rest_route=\/wp\/v2\/posts\/2254\/revisions\/2256"}],"wp:featuredmedia":[{"embeddable":true,"href":"https:\/\/zonaroja.com.mx\/index.php?rest_route=\/wp\/v2\/media\/2255"}],"wp:attachment":[{"href":"https:\/\/zonaroja.com.mx\/index.php?rest_route=%2Fwp%2Fv2%2Fmedia&parent=2254"}],"wp:term":[{"taxonomy":"category","embeddable":true,"href":"https:\/\/zonaroja.com.mx\/index.php?rest_route=%2Fwp%2Fv2%2Fcategories&post=2254"},{"taxonomy":"post_tag","embeddable":true,"href":"https:\/\/zonaroja.com.mx\/index.php?rest_route=%2Fwp%2Fv2%2Ftags&post=2254"}],"curies":[{"name":"wp","href":"https:\/\/api.w.org\/{rel}","templated":true}]}}