{"id":22542,"date":"2021-01-18T15:45:49","date_gmt":"2021-01-18T21:45:49","guid":{"rendered":"http:\/\/www.zonaroja.com.mx\/?p=22542"},"modified":"2021-01-18T15:45:56","modified_gmt":"2021-01-18T21:45:56","slug":"dos-jovenes-desaparecen-en-la-cuenca-en-un-dia-una-mas-en-miahuatlan","status":"publish","type":"post","link":"https:\/\/zonaroja.com.mx\/?p=22542","title":{"rendered":"Dos j\u00f3venes desaparecen en la Cuenca en un d\u00eda; una m\u00e1s en Miahuatl\u00e1n"},"content":{"rendered":"\n<p>Yuridiana Sosa\/Zona Roja.<\/p>\n\n\n\n<p>Oaxaca de Ju\u00e1rez, Oax., 18 de enero de 2021.- Dos j\u00f3venes de entre los 17 y 19 a\u00f1os de edad desaparecieron el pasado s\u00e1bado en el municipio de San Juan Bautista Tuxtepec, de la regi\u00f3n de la Cuenca. Sus fichas de b\u00fasqueda fueron publicadas este este lunes por la Fiscal\u00eda General del Estado.<\/p>\n\n\n\n<p>De acuerdo con la informaci\u00f3n oficial, las dos adolescentes fueron vistas por \u00faltima vez en lugares distintos de ese municipio al norte de Oaxaca, el pasado 16 de enero.<\/p>\n\n\n\n<p>Durante las primeras horas de este lunes la Unidad de B\u00fasqueda de Personas Desaparecidas y No Localizadas report\u00f3 la desaparici\u00f3n de Julia Guadalupe Mart\u00ednez Jorge, de 17 a\u00f1os, a quien se le vio la \u00faltima vez en la colonia Nueva Era.<\/p>\n\n\n\n<p>Por la tarde de este d\u00eda, public\u00f3 que ya hab\u00eda sido localizada, aunque sin precisar lugar ni condiciones.<\/p>\n\n\n\n<p>Horas antes, la DNOL difundi\u00f3 la ficha para localizar a Ismera\u00ed Cris\u00f3stomo Jos\u00e9, de 19 a\u00f1os de edad, quien el s\u00e1bado 16 de enero sali\u00f3 de su casa en la colonia Playa de Mono para dirigirse al centro de la ciudad. Fue en su domicilio la \u00faltima vez que fue vista.<\/p>\n\n\n\n<p>De acuerdo con informaci\u00f3n difundida sobre el caso, la joven se dirigi\u00f3 a una sucursal bancaria ubicada en la avenida Independencia en pleno centro de este municipio de la regi\u00f3n de la Cuenca. La familia trat\u00f3 de comunicarse con ella, pero no lo logr\u00f3 a pesar que durante las primeras horas tras su desaparici\u00f3n su tel\u00e9fono celular sonaba.<\/p>\n\n\n\n<p>OTROS CASOS<\/p>\n\n\n\n<p>Durante este fin de semana tambi\u00e9n se registr\u00f3 la desaparici\u00f3n de una joven mujer de 28 a\u00f1os de edad en la regi\u00f3n de la Sierra Sur.<\/p>\n\n\n\n<p>El hecho ocurri\u00f3 en la Rancher\u00eda San Juan Llano Grande del municipio de Santa Luc\u00eda Miahuatl\u00e1n, el pasado 4 de enero, sin embargo, fue este domingo que Fiscal\u00eda de Oaxaca report\u00f3 la desaparici\u00f3n de Rosa Mar\u00eda P\u00e9rez L\u00f3pez.<\/p>\n\n\n\n<p>La joven mujer iba en compa\u00f1\u00eda de sus dos menores hijos identificados como Osvaldo Marcelino y Baltazar Guillermo, de apellidos Gayt\u00e1n P\u00e9rez, de 10 y 7 a\u00f1os de edad respectivamente.<\/p>\n\n\n\n<p>Mientras que desde el pasado 11 de enero se report\u00f3 la desaparici\u00f3n de Mariana Hern\u00e1ndez Valdez, quien sigue sin ser localizada desde el 9 de enero, cuando fue vista por \u00faltima vez en la localidad de Pie del Cerro de Santiago Pinotepa Nacional.<\/p>\n\n\n\n<p>As\u00ed como de Brisa del Mar Valdivieso de Dios, de 16 a\u00f1os de edad, no localizada desde el 7 de enero; fue vista por \u00faltima vez en la Cuarta Secci\u00f3n de Juchit\u00e1n de Zaragoza.<\/p>\n","protected":false},"excerpt":{"rendered":"<p>Yuridiana Sosa\/Zona Roja. Oaxaca de Ju\u00e1rez, Oax., 18 de enero de 2021.- Dos j\u00f3venes de&hellip;<\/p>\n","protected":false},"author":2,"featured_media":22543,"comment_status":"closed","ping_status":"open","sticky":false,"template":"","format":"standard","meta":{"_lmt_disableupdate":"","_lmt_disable":"","_jetpack_memberships_contains_paid_content":false,"footnotes":""},"categories":[109,47],"tags":[455],"class_list":["post-22542","post","type-post","status-publish","format-standard","has-post-thumbnail","hentry","category-minuto-a-minuto","category-zona-gris","tag-mujeres-desaparecidas-oaxaca"],"jetpack_featured_media_url":"https:\/\/zonaroja.com.mx\/wp-content\/uploads\/2021\/01\/Desaparecidas-Tuxtepec-2.jpg","jetpack_sharing_enabled":true,"_links":{"self":[{"href":"https:\/\/zonaroja.com.mx\/index.php?rest_route=\/wp\/v2\/posts\/22542","targetHints":{"allow":["GET"]}}],"collection":[{"href":"https:\/\/zonaroja.com.mx\/index.php?rest_route=\/wp\/v2\/posts"}],"about":[{"href":"https:\/\/zonaroja.com.mx\/index.php?rest_route=\/wp\/v2\/types\/post"}],"author":[{"embeddable":true,"href":"https:\/\/zonaroja.com.mx\/index.php?rest_route=\/wp\/v2\/users\/2"}],"replies":[{"embeddable":true,"href":"https:\/\/zonaroja.com.mx\/index.php?rest_route=%2Fwp%2Fv2%2Fcomments&post=22542"}],"version-history":[{"count":1,"href":"https:\/\/zonaroja.com.mx\/index.php?rest_route=\/wp\/v2\/posts\/22542\/revisions"}],"predecessor-version":[{"id":22544,"href":"https:\/\/zonaroja.com.mx\/index.php?rest_route=\/wp\/v2\/posts\/22542\/revisions\/22544"}],"wp:featuredmedia":[{"embeddable":true,"href":"https:\/\/zonaroja.com.mx\/index.php?rest_route=\/wp\/v2\/media\/22543"}],"wp:attachment":[{"href":"https:\/\/zonaroja.com.mx\/index.php?rest_route=%2Fwp%2Fv2%2Fmedia&parent=22542"}],"wp:term":[{"taxonomy":"category","embeddable":true,"href":"https:\/\/zonaroja.com.mx\/index.php?rest_route=%2Fwp%2Fv2%2Fcategories&post=22542"},{"taxonomy":"post_tag","embeddable":true,"href":"https:\/\/zonaroja.com.mx\/index.php?rest_route=%2Fwp%2Fv2%2Ftags&post=22542"}],"curies":[{"name":"wp","href":"https:\/\/api.w.org\/{rel}","templated":true}]}}