{"id":22545,"date":"2021-01-18T15:52:03","date_gmt":"2021-01-18T21:52:03","guid":{"rendered":"http:\/\/www.zonaroja.com.mx\/?p=22545"},"modified":"2021-01-18T15:52:06","modified_gmt":"2021-01-18T21:52:06","slug":"contralor-de-oaxaca-nuevo-vocero-nacional-busca-fortalecer-acciones","status":"publish","type":"post","link":"https:\/\/zonaroja.com.mx\/?p=22545","title":{"rendered":"Contralor de Oaxaca, nuevo vocero nacional; busca fortalecer acciones"},"content":{"rendered":"\n<p>Redacci\u00f3n\/Zona Roja.<\/p>\n\n\n\n<p>Oaxaca de Ju\u00e1rez, Oax., a 18 de enero de 2021.- Al recibir oficialmente la encomienda de Vocero de la Coordinaci\u00f3n Nacional de Contralores, en sesi\u00f3n virtual el secretario de la Contralor\u00eda y Transparencia Gubernamental, Jos\u00e9 \u00c1ngel D\u00edaz Navarro, destac\u00f3 la prioridad de seguir trabajando en unidad.<\/p>\n\n\n\n<p>Asimismo, plante\u00f3 como retos consolidar el trabajo que realiza cada una de las instancias en sus respectivas entidades, fortalecer las acciones de vigilancia del quehacer gubernamental y difundir los logros de este \u00f3rgano, conformado por los titulares de contralor\u00eda del pa\u00eds y de la presidenta de la Comisi\u00f3n Irma Er\u00e9ndira Sandoval Ballesteros, secretaria de la Funci\u00f3n P\u00fablica Federal, y del subsecretario Roberto Salcedo Aquino, presidente suplente de dicha comisi\u00f3n.<\/p>\n\n\n\n<p>\u201cClaramente ha habido avances importantes, la cr\u00edtica tambi\u00e9n como debe ser; hubo logros importantes en el 2020, a pesar de las restricciones por la pandemia, pero ese es precisamente el reto, obtener mejores resultados pese a las condiciones adversas\u201d, dijo.<\/p>\n\n\n\n<p>En el encuentro virtual en que participaron el Contralor del Estado de Quer\u00e9taro y Vocero saliente, Alfonso Ch\u00e1vez Fierro, y Omar Gonz\u00e1lez Vera, titular de la Unidad de Auditor\u00eda Gubernamental, como representante de la Secretar\u00eda de la Funci\u00f3n P\u00fablica del Gobierno Federal, D\u00edaz Navarro destac\u00f3 que entre otros retos, se encuentran la presentaci\u00f3n de la Declaraci\u00f3n Patrimonial y de Intereses; tambi\u00e9n, estar atentos a las quejas o denuncias que se pudieran presentar durante el proceso electoral actual.<\/p>\n\n\n\n<p>\u201cDebemos seguir trabajando de la mano con la Secretar\u00eda de la Funci\u00f3n P\u00fablica; debemos tambi\u00e9n dar a conocer las acciones que se realiza en cada una de las 32 entidades del pa\u00eds y de manera conjunta, porque tenemos un compromiso con la transparencia, el orden y la legalidad\u201d, manifest\u00f3 el contralor de Oaxaca.<\/p>\n\n\n\n<p>Convoc\u00f3 a sus hom\u00f3logos a seguir utilizando las herramientas digitales, m\u00e1s a\u00fan en estos tiempos de pandemia a fin de potenciar los logros en cada una de las contralor\u00edas de la Rep\u00fablica Mexicana.<\/p>\n\n\n\n<p>\u201cEste 2021 sin duda que ser\u00e1 de muchos retos, pero seguramente que en estrecha coordinaci\u00f3n, las 32 entidades del pa\u00eds y el gobierno federal, independientemente de colores, avanzaremos m\u00e1s en materia de revisi\u00f3n y transparencia\u201d, expuso D\u00edaz Navarro.<\/p>\n","protected":false},"excerpt":{"rendered":"<p>Redacci\u00f3n\/Zona Roja. Oaxaca de Ju\u00e1rez, Oax., a 18 de enero de 2021.- Al recibir oficialmente&hellip;<\/p>\n","protected":false},"author":2,"featured_media":22546,"comment_status":"closed","ping_status":"open","sticky":false,"template":"","format":"standard","meta":{"_lmt_disableupdate":"","_lmt_disable":"","_jetpack_memberships_contains_paid_content":false,"footnotes":""},"categories":[109,46],"tags":[2379],"class_list":["post-22545","post","type-post","status-publish","format-standard","has-post-thumbnail","hentry","category-minuto-a-minuto","category-zona-blanca","tag-jose-angel-diaz-navarro"],"jetpack_featured_media_url":"https:\/\/zonaroja.com.mx\/wp-content\/uploads\/2021\/01\/Contralor-Oaxaca.png","jetpack_sharing_enabled":true,"_links":{"self":[{"href":"https:\/\/zonaroja.com.mx\/index.php?rest_route=\/wp\/v2\/posts\/22545","targetHints":{"allow":["GET"]}}],"collection":[{"href":"https:\/\/zonaroja.com.mx\/index.php?rest_route=\/wp\/v2\/posts"}],"about":[{"href":"https:\/\/zonaroja.com.mx\/index.php?rest_route=\/wp\/v2\/types\/post"}],"author":[{"embeddable":true,"href":"https:\/\/zonaroja.com.mx\/index.php?rest_route=\/wp\/v2\/users\/2"}],"replies":[{"embeddable":true,"href":"https:\/\/zonaroja.com.mx\/index.php?rest_route=%2Fwp%2Fv2%2Fcomments&post=22545"}],"version-history":[{"count":1,"href":"https:\/\/zonaroja.com.mx\/index.php?rest_route=\/wp\/v2\/posts\/22545\/revisions"}],"predecessor-version":[{"id":22547,"href":"https:\/\/zonaroja.com.mx\/index.php?rest_route=\/wp\/v2\/posts\/22545\/revisions\/22547"}],"wp:featuredmedia":[{"embeddable":true,"href":"https:\/\/zonaroja.com.mx\/index.php?rest_route=\/wp\/v2\/media\/22546"}],"wp:attachment":[{"href":"https:\/\/zonaroja.com.mx\/index.php?rest_route=%2Fwp%2Fv2%2Fmedia&parent=22545"}],"wp:term":[{"taxonomy":"category","embeddable":true,"href":"https:\/\/zonaroja.com.mx\/index.php?rest_route=%2Fwp%2Fv2%2Fcategories&post=22545"},{"taxonomy":"post_tag","embeddable":true,"href":"https:\/\/zonaroja.com.mx\/index.php?rest_route=%2Fwp%2Fv2%2Ftags&post=22545"}],"curies":[{"name":"wp","href":"https:\/\/api.w.org\/{rel}","templated":true}]}}