{"id":22548,"date":"2021-01-18T19:03:31","date_gmt":"2021-01-19T01:03:31","guid":{"rendered":"http:\/\/www.zonaroja.com.mx\/?p=22548"},"modified":"2021-01-18T19:03:34","modified_gmt":"2021-01-19T01:03:34","slug":"secuestran-y-ejecutan-a-tres-jovenes-en-la-costa-de-oaxaca","status":"publish","type":"post","link":"https:\/\/zonaroja.com.mx\/?p=22548","title":{"rendered":"Secuestran y ejecutan a tres j\u00f3venes en la Costa de Oaxaca"},"content":{"rendered":"\n<p>Ismael Garc\u00eda M.\/Zona Roja.<\/p>\n\n\n\n<p>Oaxaca de Ju\u00e1rez, Oax., 18 de enero de 2021.- Tres j\u00f3venes integrantes de un grupo musical fueron secuestrados y asesinados en Santiago Pinotepa Nacional, municipio de la regi\u00f3n Costa de Oaxaca.<\/p>\n\n\n\n<p>Un cuerpo fue localizado ayer por la noche y dos cuerpos m\u00e1s este mediod\u00eda; eran integrantes de un grupo musical denominado \u201cLos Hijos de la Banda\u201d.<\/p>\n\n\n\n<p>El cuerpo del primero de ellos fue localizado anoche en la carretera local que comunica a las comunidades de Corralero con El Ciruelo; presenta varios impactos de arma de fuego, uno de ellos en la cabeza y fue identificado como Daniel S. B. R., de 19 a\u00f1os de edad.<\/p>\n\n\n\n<p>Los otros dos fueron hallados hoy en una camioneta marca Jeep, tipo Compass, en un terreno sobre la misma carretera a El Ciruelo y respond\u00edan a los nombres de Jos\u00e9 Carlos B.R., de 25 a\u00f1os de edad, y Jos\u00e9 Luis M.R., de 24 a\u00f1os.<\/p>\n\n\n\n<p>Presuntamente fueron secuestrado ayer sobre la carretera federal 200 a la altura del crucero a la comunidad de El Ciruelo.<\/p>\n\n\n\n<p>Hasta el momento la Fiscal\u00eda General del Estado de Oaxaca ha guardado hermetismo sobre el caso.<\/p>\n\n\n\n<p>Este es un video musical de \u00abLos Hijos de la Banda\u00bb:<\/p>\n\n\n\n<figure class=\"wp-block-embed-youtube wp-block-embed is-type-video is-provider-youtube wp-embed-aspect-16-9 wp-has-aspect-ratio\"><div class=\"wp-block-embed__wrapper\">\n<iframe title=\"Alegrate  Oficial HD 1080 - \u266a \u266b ( Los Hijos De La Banda ) \u266a \u266b\" width=\"1170\" height=\"658\" src=\"https:\/\/www.youtube.com\/embed\/hXXF4tcCcPc?feature=oembed\" frameborder=\"0\" allow=\"accelerometer; autoplay; clipboard-write; encrypted-media; gyroscope; picture-in-picture\" allowfullscreen><\/iframe>\n<\/div><\/figure>\n","protected":false},"excerpt":{"rendered":"<p>Ismael Garc\u00eda M.\/Zona Roja. Oaxaca de Ju\u00e1rez, Oax., 18 de enero de 2021.- Tres j\u00f3venes&hellip;<\/p>\n","protected":false},"author":2,"featured_media":22549,"comment_status":"closed","ping_status":"open","sticky":false,"template":"","format":"standard","meta":{"_lmt_disableupdate":"","_lmt_disable":"","_jetpack_memberships_contains_paid_content":false,"footnotes":""},"categories":[109,51],"tags":[651],"class_list":["post-22548","post","type-post","status-publish","format-standard","has-post-thumbnail","hentry","category-minuto-a-minuto","category-zona-roja","tag-santiago-pinotepa-nacional"],"jetpack_featured_media_url":"https:\/\/zonaroja.com.mx\/wp-content\/uploads\/2021\/01\/Los-Hijos-de-la-Banda.jpg","jetpack_sharing_enabled":true,"_links":{"self":[{"href":"https:\/\/zonaroja.com.mx\/index.php?rest_route=\/wp\/v2\/posts\/22548","targetHints":{"allow":["GET"]}}],"collection":[{"href":"https:\/\/zonaroja.com.mx\/index.php?rest_route=\/wp\/v2\/posts"}],"about":[{"href":"https:\/\/zonaroja.com.mx\/index.php?rest_route=\/wp\/v2\/types\/post"}],"author":[{"embeddable":true,"href":"https:\/\/zonaroja.com.mx\/index.php?rest_route=\/wp\/v2\/users\/2"}],"replies":[{"embeddable":true,"href":"https:\/\/zonaroja.com.mx\/index.php?rest_route=%2Fwp%2Fv2%2Fcomments&post=22548"}],"version-history":[{"count":1,"href":"https:\/\/zonaroja.com.mx\/index.php?rest_route=\/wp\/v2\/posts\/22548\/revisions"}],"predecessor-version":[{"id":22550,"href":"https:\/\/zonaroja.com.mx\/index.php?rest_route=\/wp\/v2\/posts\/22548\/revisions\/22550"}],"wp:featuredmedia":[{"embeddable":true,"href":"https:\/\/zonaroja.com.mx\/index.php?rest_route=\/wp\/v2\/media\/22549"}],"wp:attachment":[{"href":"https:\/\/zonaroja.com.mx\/index.php?rest_route=%2Fwp%2Fv2%2Fmedia&parent=22548"}],"wp:term":[{"taxonomy":"category","embeddable":true,"href":"https:\/\/zonaroja.com.mx\/index.php?rest_route=%2Fwp%2Fv2%2Fcategories&post=22548"},{"taxonomy":"post_tag","embeddable":true,"href":"https:\/\/zonaroja.com.mx\/index.php?rest_route=%2Fwp%2Fv2%2Ftags&post=22548"}],"curies":[{"name":"wp","href":"https:\/\/api.w.org\/{rel}","templated":true}]}}