{"id":22551,"date":"2021-01-18T19:23:28","date_gmt":"2021-01-19T01:23:28","guid":{"rendered":"http:\/\/www.zonaroja.com.mx\/?p=22551"},"modified":"2021-01-18T19:23:33","modified_gmt":"2021-01-19T01:23:33","slug":"pone-en-riesgo-el-imss-oaxaca-a-abuelos-al-convocarlos-a-anotarse-para-vacuna","status":"publish","type":"post","link":"https:\/\/zonaroja.com.mx\/?p=22551","title":{"rendered":"Pone en riesgo el IMSS Oaxaca a abuelos, al convocarlos a anotarse para vacuna"},"content":{"rendered":"\n<p>Yuridiana Sosa\/Zona Roja.<\/p>\n\n\n\n<p>Oaxaca de Ju\u00e1rez, Oax., 18 de enero de 2021.- El Instituto Mexicano del Seguro Social (IMSS) en Oaxaca, difundi\u00f3 en la regi\u00f3n de Valles Centrales y la Cuenca una convocatoria para la inscripci\u00f3n de adultos mayores a una lista de prerregistro para recibir la vacuna contra el Covid-19, y despu\u00e9s neg\u00f3 la informaci\u00f3n.<\/p>\n\n\n\n<p>Durante la ma\u00f1ana de este lunes, a trav\u00e9s de cuentas de redes sociales y audios, las Unidades de Medicina Familiar n\u00famero 38 en la capital del estado y la n\u00famero 65 en Santa Luc\u00eda del Camino, en los Valles Centrales y la subdelegaci\u00f3n del IMSS en Tuxtepec, en la Cuenca, dieron a conocer la convocatoria.<\/p>\n\n\n\n<p>\u201cEl lunes 18 de enero 2021 se realizar\u00e1 el censo de adultos mayores para vacunaci\u00f3n por Covid de la UMF 65. Es necesario proporcionar nombre, edad, sexo, CURP, direcci\u00f3n y C\u00f3digo Postal. Se recibir\u00e1 v\u00eda telef\u00f3nica o por Inbox\u201d, dice el post del perfil IMSS UMF 65, seguido de una imagen con n\u00famero telef\u00f3nicos.<\/p>\n\n\n\n<p>De forma inmediata se extendi\u00f3 el inter\u00e9s entre la poblaci\u00f3n adulta mayor, poniendo en mayor riesgo a este segmento de la poblaci\u00f3n, al sacarlos a las calles para acudir a la cita.<\/p>\n\n\n\n<figure class=\"wp-block-embed-twitter wp-block-embed is-type-rich is-provider-twitter\"><div class=\"wp-block-embed__wrapper\">\n<div class=\"twitter-tweet\"><blockquote class=\"twitter-tweet\" data-lang=\"es\"><p lang=\"es\" dir=\"ltr\"><a href=\"https:\/\/twitter.com\/hashtag\/%C3%9AltimoMinuto?src=hash&amp;ref_src=twsrc%5Etfw\">#\u00daltimoMinuto<\/a> <br>Desinformaci\u00f3n en el <a href=\"https:\/\/twitter.com\/Tu_IMSS?ref_src=twsrc%5Etfw\">@Tu_IMSS<\/a> <a href=\"https:\/\/twitter.com\/IMSS_Oaxaca?ref_src=twsrc%5Etfw\">@IMSS_Oaxaca<\/a> causa aglomeraci\u00f3n de personas de la tercera edad en la cl\u00ednica 65 y las expone al Covid-19. Les dijeron que las anotar\u00edan para vacunarse contra el virus. <br>Aqu\u00ed la transmisi\u00f3n:<br>\ud83d\udc47<a href=\"https:\/\/t.co\/1K092pgowQ\">https:\/\/t.co\/1K092pgowQ<\/a> <a href=\"https:\/\/t.co\/KN9hxqDTJM\">pic.twitter.com\/KN9hxqDTJM<\/a><\/p>&mdash; Zona Roja Oaxaca (@MexRoja) <a href=\"https:\/\/twitter.com\/MexRoja\/status\/1351262206701293572?ref_src=twsrc%5Etfw\">18 de enero de 2021<\/a><\/blockquote><\/div>\n<\/div><\/figure>\n\n\n\n<p>Decenas de interesados arribaron a las instalaciones de la Unidad de Medicina Familiar n\u00famero 65 entre los l\u00edmites de Santa Luc\u00eda del Camino y la capital del estado, para obtener informaci\u00f3n.<\/p>\n\n\n\n<p>Entusiasmados, pero sobre todo con incertidumbre sobre la convocatoria, hombres y mujeres de la tercera edad se arremolinaron en el acceso de la cl\u00ednica, pero les negaron la existencia del anuncio e indicaron que desconoc\u00edan el origen de la publicaci\u00f3n.<\/p>\n\n\n\n<p>Luego de varios minutos dieron acceso al ingreso de algunos derechohabientes, a quienes s\u00f3lo les reiteraron que desconoc\u00edan la informaci\u00f3n sin acceder a un registro.<\/p>\n\n\n\n<p>Ante esa situaci\u00f3n, los adultos mayores demandaron al IMSS \u201cno jugar\u201d sobre la aplicaci\u00f3n de la vacuna contra el Covid-19, de la cual depende todo el mundo para abatir la contingencia.<\/p>\n\n\n\n<p>Sin embargo, la fila de interesados se fue prolongando en el transcurso de la ma\u00f1ana.<\/p>\n\n\n\n<p>Por otra parte, la subdelegaci\u00f3n del IMSS de Tuxtepec primero public\u00f3 el beneficio para los derechohabientes mayores de 60 a\u00f1os, un par de horas despu\u00e9s la retir\u00f3 y la sustituy\u00f3 con una aclaraci\u00f3n.<\/p>\n\n\n\n<figure class=\"wp-block-embed-twitter wp-block-embed is-type-rich is-provider-twitter\"><div class=\"wp-block-embed__wrapper\">\n<div class=\"twitter-tweet\"><blockquote class=\"twitter-tweet\" data-lang=\"es\"><p lang=\"es\" dir=\"ltr\"><a href=\"https:\/\/twitter.com\/hashtag\/%C3%9AltimoMinuto?src=hash&amp;ref_src=twsrc%5Etfw\">#\u00daltimoMinuto<\/a> <br>Decenas de personas de la tercera edad se aglomeran al exterior de la cl\u00ednica 65 del <a href=\"https:\/\/twitter.com\/Tu_IMSS?ref_src=twsrc%5Etfw\">@Tu_IMSS<\/a> <a href=\"https:\/\/twitter.com\/hashtag\/Oaxaca?src=hash&amp;ref_src=twsrc%5Etfw\">#Oaxaca<\/a> para anotarse para la vacuna del Covid-19; personal niega el acceso y el acceso fue moment\u00e1neo para un reducido grupo de personas. <a href=\"https:\/\/t.co\/seRJaxVvgB\">pic.twitter.com\/seRJaxVvgB<\/a><\/p>&mdash; Zona Roja Oaxaca (@MexRoja) <a href=\"https:\/\/twitter.com\/MexRoja\/status\/1351252636939546632?ref_src=twsrc%5Etfw\">18 de enero de 2021<\/a><\/blockquote><\/div>\n<\/div><\/figure>\n\n\n\n<p>\u201cAclaraci\u00f3n al mensaje difundido. La competencia para proporcionar informaci\u00f3n correspondiente a la UMF n\u00famero 64 es exclusiva de esta. Es por ello que cualquier informaci\u00f3n relacionada con el mensaje difundido con antelaci\u00f3n por este medio deber\u00e1 ser consultado y corroborado con dicha cl\u00ednica. Extendemos nuestras m\u00e1s sinceras disculpas por la confusi\u00f3n generada al p\u00fablico en general\u201d.<\/p>\n\n\n\n<p>Pero, ciudadanos derechohabientes mayores de 60 a\u00f1os tambi\u00e9n publicaron que s\u00ed han logrado acceder al prerregistro para la vacuna Covid-19 en las instalaciones de la cl\u00ednica n\u00famero 64 de Tuxtepec, donde ofrecieron sus datos para ser avisados de la fecha de vacunaci\u00f3n.<\/p>\n\n\n\n<p>De manera oficial, el IMSS Oaxaca no se disculp\u00f3 con las personas de la tercera edad ni hubo avisos o aclaraciones, para no confundir m\u00e1s a la poblaci\u00f3n.<\/p>\n","protected":false},"excerpt":{"rendered":"<p>Yuridiana Sosa\/Zona Roja. Oaxaca de Ju\u00e1rez, Oax., 18 de enero de 2021.- El Instituto Mexicano&hellip;<\/p>\n","protected":false},"author":2,"featured_media":22552,"comment_status":"closed","ping_status":"open","sticky":false,"template":"","format":"standard","meta":{"_lmt_disableupdate":"","_lmt_disable":"","_jetpack_memberships_contains_paid_content":false,"footnotes":""},"categories":[109,47],"tags":[870],"class_list":["post-22551","post","type-post","status-publish","format-standard","has-post-thumbnail","hentry","category-minuto-a-minuto","category-zona-gris","tag-imss-oaxaca"],"jetpack_featured_media_url":"https:\/\/zonaroja.com.mx\/wp-content\/uploads\/2021\/01\/Adultos-vacuna-IMSS.jpg","jetpack_sharing_enabled":true,"_links":{"self":[{"href":"https:\/\/zonaroja.com.mx\/index.php?rest_route=\/wp\/v2\/posts\/22551","targetHints":{"allow":["GET"]}}],"collection":[{"href":"https:\/\/zonaroja.com.mx\/index.php?rest_route=\/wp\/v2\/posts"}],"about":[{"href":"https:\/\/zonaroja.com.mx\/index.php?rest_route=\/wp\/v2\/types\/post"}],"author":[{"embeddable":true,"href":"https:\/\/zonaroja.com.mx\/index.php?rest_route=\/wp\/v2\/users\/2"}],"replies":[{"embeddable":true,"href":"https:\/\/zonaroja.com.mx\/index.php?rest_route=%2Fwp%2Fv2%2Fcomments&post=22551"}],"version-history":[{"count":1,"href":"https:\/\/zonaroja.com.mx\/index.php?rest_route=\/wp\/v2\/posts\/22551\/revisions"}],"predecessor-version":[{"id":22553,"href":"https:\/\/zonaroja.com.mx\/index.php?rest_route=\/wp\/v2\/posts\/22551\/revisions\/22553"}],"wp:featuredmedia":[{"embeddable":true,"href":"https:\/\/zonaroja.com.mx\/index.php?rest_route=\/wp\/v2\/media\/22552"}],"wp:attachment":[{"href":"https:\/\/zonaroja.com.mx\/index.php?rest_route=%2Fwp%2Fv2%2Fmedia&parent=22551"}],"wp:term":[{"taxonomy":"category","embeddable":true,"href":"https:\/\/zonaroja.com.mx\/index.php?rest_route=%2Fwp%2Fv2%2Fcategories&post=22551"},{"taxonomy":"post_tag","embeddable":true,"href":"https:\/\/zonaroja.com.mx\/index.php?rest_route=%2Fwp%2Fv2%2Ftags&post=22551"}],"curies":[{"name":"wp","href":"https:\/\/api.w.org\/{rel}","templated":true}]}}