{"id":22554,"date":"2021-01-18T20:51:25","date_gmt":"2021-01-19T02:51:25","guid":{"rendered":"http:\/\/www.zonaroja.com.mx\/?p=22554"},"modified":"2021-01-18T20:51:30","modified_gmt":"2021-01-19T02:51:30","slug":"por-opacidad-de-edil-rechazan-sede-de-la-guardia-nacional-en-huitzo","status":"publish","type":"post","link":"https:\/\/zonaroja.com.mx\/?p=22554","title":{"rendered":"Por opacidad de edil, rechazan sede de la Guardia Nacional en Huitzo"},"content":{"rendered":"\n<p>Evlin Arag\u00f3n\/Zona Roja.<\/p>\n\n\n\n<p>Oaxaca de Ju\u00e1rez, Oax., 18 de enero de 2021.- \u201cLa voluntad de la comunidad se ha manifestado: no se aprueba la donaci\u00f3n del terreno comunal para la construcci\u00f3n de un cuartel de Guardia Nacional en San Pablo Huitzo\u201d.<\/p>\n\n\n\n<p>Fue el primer mensaje que se difundi\u00f3 hoy, luego de la Asamblea General que se llev\u00f3 a cabo este domingo y donde se reunieron habitantes del municipio de San Pablo Huitzo para resolver la pol\u00e9mica generada en noviembre pasado por la instalaci\u00f3n del cuartel de la Guardia Nacional en la zona.&nbsp;<\/p>\n\n\n\n<p>Posteriormente, un oficio firmado por Jes\u00fas Cruz L\u00f3pez, representante propietario del Comisariado de Bienes Comunales y dirigido a Esa\u00fa Rodr\u00edguez Cuellar, comandante de la XXVIII Zona Militar, se hizo oficial la decisi\u00f3n del pueblo.&nbsp;<\/p>\n\n\n\n<p>\u201c\u2026informo que el acuerdo resultado de esta Asamblea General celebrada el d\u00eda 17 de enero de 2021 es el siguiente: no se aprueba la donaci\u00f3n del terreno comunal ubicado en el paraje \u2018Agua Fr\u00eda\u2019 a favor de la Guardia Nacional para la construcci\u00f3n de una compa\u00f1\u00eda\u201d.&nbsp;<\/p>\n\n\n\n<p>Dicho oficio manifiesta que debido a los trabajos ya adelantados para la construcci\u00f3n de un Cuartel de la Guardia Nacional y las manifestaciones de inconformidad que se generaron por parte de comuneros, se expidi\u00f3, desde el pasado 6 de enero la convocatoria para la Asamblea en la que se discutir\u00eda el punto.&nbsp;<\/p>\n\n\n\n<p>De ah\u00ed que este domingo y contando con quorum necesario, la poblaci\u00f3n opt\u00f3 por la negativa de contar con un cuartel de la fuerza armada federal.&nbsp;<\/p>\n\n\n\n<p>A inicio del mes de noviembre, la poblaci\u00f3n refer\u00eda un conflicto debido a que una parte estaba a favor de la llegada de la Guardia Nacional y otra, encabezada por el ex presidente municipal Pedro Omar Ruiz, se negaban a la instalaci\u00f3n de dicho cuartel.&nbsp;<\/p>\n\n\n\n<p>Dicha pugna ocasion\u00f3 incluso el bloqueo de los accesos al predio donde ya avanzaban los trabajos de construcci\u00f3n, por parte del grupo oposito; as\u00ed como manifestaciones de apoyo en el Palacio Municipal de quienes se encontraban a favor y a quienes este domingo no les alcanz\u00f3 la mayor\u00eda en la Asamblea.&nbsp;<\/p>\n\n\n\n<p>La determinaci\u00f3n se tom\u00f3 tambi\u00e9n debido a la inconformidad contra el presidente municipal, que no ha informado a la poblaci\u00f3n los beneficios que ha recibido para la instalaci\u00f3n del cuartel.<\/p>\n","protected":false},"excerpt":{"rendered":"<p>Evlin Arag\u00f3n\/Zona Roja. Oaxaca de Ju\u00e1rez, Oax., 18 de enero de 2021.- \u201cLa voluntad de&hellip;<\/p>\n","protected":false},"author":2,"featured_media":22555,"comment_status":"closed","ping_status":"open","sticky":false,"template":"","format":"standard","meta":{"_lmt_disableupdate":"","_lmt_disable":"","_jetpack_memberships_contains_paid_content":false,"footnotes":""},"categories":[109,47],"tags":[1744],"class_list":["post-22554","post","type-post","status-publish","format-standard","has-post-thumbnail","hentry","category-minuto-a-minuto","category-zona-gris","tag-san-pablo-villa-de-huitzo"],"jetpack_featured_media_url":"https:\/\/zonaroja.com.mx\/wp-content\/uploads\/2021\/01\/Huitzo-Guardia-Nacional.jpg","jetpack_sharing_enabled":true,"_links":{"self":[{"href":"https:\/\/zonaroja.com.mx\/index.php?rest_route=\/wp\/v2\/posts\/22554","targetHints":{"allow":["GET"]}}],"collection":[{"href":"https:\/\/zonaroja.com.mx\/index.php?rest_route=\/wp\/v2\/posts"}],"about":[{"href":"https:\/\/zonaroja.com.mx\/index.php?rest_route=\/wp\/v2\/types\/post"}],"author":[{"embeddable":true,"href":"https:\/\/zonaroja.com.mx\/index.php?rest_route=\/wp\/v2\/users\/2"}],"replies":[{"embeddable":true,"href":"https:\/\/zonaroja.com.mx\/index.php?rest_route=%2Fwp%2Fv2%2Fcomments&post=22554"}],"version-history":[{"count":1,"href":"https:\/\/zonaroja.com.mx\/index.php?rest_route=\/wp\/v2\/posts\/22554\/revisions"}],"predecessor-version":[{"id":22556,"href":"https:\/\/zonaroja.com.mx\/index.php?rest_route=\/wp\/v2\/posts\/22554\/revisions\/22556"}],"wp:featuredmedia":[{"embeddable":true,"href":"https:\/\/zonaroja.com.mx\/index.php?rest_route=\/wp\/v2\/media\/22555"}],"wp:attachment":[{"href":"https:\/\/zonaroja.com.mx\/index.php?rest_route=%2Fwp%2Fv2%2Fmedia&parent=22554"}],"wp:term":[{"taxonomy":"category","embeddable":true,"href":"https:\/\/zonaroja.com.mx\/index.php?rest_route=%2Fwp%2Fv2%2Fcategories&post=22554"},{"taxonomy":"post_tag","embeddable":true,"href":"https:\/\/zonaroja.com.mx\/index.php?rest_route=%2Fwp%2Fv2%2Ftags&post=22554"}],"curies":[{"name":"wp","href":"https:\/\/api.w.org\/{rel}","templated":true}]}}