{"id":22557,"date":"2021-01-18T21:27:51","date_gmt":"2021-01-19T03:27:51","guid":{"rendered":"http:\/\/www.zonaroja.com.mx\/?p=22557"},"modified":"2021-01-18T21:27:55","modified_gmt":"2021-01-19T03:27:55","slug":"culpa-steuabjo-a-junta-de-conciliacion-y-toma-edificios-vacios","status":"publish","type":"post","link":"https:\/\/zonaroja.com.mx\/?p=22557","title":{"rendered":"Culpa STEUABJO a Junta de Conciliaci\u00f3n y \u201ctoma\u201d edificios vac\u00edos"},"content":{"rendered":"\n<p>Yuridiana Sosa\/Zona Roja.<\/p>\n\n\n\n<p>Oaxaca de Ju\u00e1rez, Oax., 18 de enero de 2021.- Por segunda ocasi\u00f3n, en cuatro d\u00edas, el Sindicato de Trabajadores y Empleados de la Universidad Aut\u00f3noma \u201cBenito Ju\u00e1rez\u201d de Oaxaca (STEUABJO) inici\u00f3 un paro general de labores para exigir la revisi\u00f3n al contrato colectivo 2021, para el aumento salarial.<\/p>\n\n\n\n<p>Ello a pesar de que las instalaciones universitarias se encuentran vac\u00edas, debido a la pandemia por Covid-19.<\/p>\n\n\n\n<p>A pesar que la entidad, principalmente la capital del estado, vive la segunda ola de contagios por Covid-19, a\u00fan m\u00e1s intensa que la primera en 2020, la base sindical movi\u00f3 a sus integrantes para la \u201ctoma\u201d por 12 horas de las instituciones ubicada en Oaxaca de Ju\u00e1rez, Tehuantepec, Huajuapan de Le\u00f3n y en Puerto Escondido.<\/p>\n\n\n\n<p>El presidente del Comit\u00e9 de Huelga, Ismael Rodr\u00edguez L\u00f3pez, se\u00f1al\u00f3 que la manifestaci\u00f3n es ante la desatenci\u00f3n del Gobierno del Estado, a trav\u00e9s de la Junta Local de Conciliaci\u00f3n y Arbitraje (JLCyA), con quienes no existe di\u00e1logo para una mesa de negociaci\u00f3n.<\/p>\n\n\n\n<p>A dos semanas del posible estallamiento de la huelga no existen mesas de conciliaci\u00f3n, por lo que exigieron tambi\u00e9n a la rector\u00eda que se establezcan de forma presencial las audiencias de conciliaciones para la revisi\u00f3n del contrato con relaci\u00f3n a un incremento salarial y la reparaci\u00f3n de da\u00f1os por la presunta violaci\u00f3n a su contrato colectivo.<\/p>\n\n\n\n<p>\u201cQue la Junta Local no se escude en la pandemia\u201d, demand\u00f3 el representante de los afectados, quien agreg\u00f3 que determinar\u00e1n el resto de las acciones para presionar al gobierno estatal y la UABJO.<\/p>\n\n\n\n<p>La movilizaci\u00f3n comenz\u00f3 este lunes a las 6:00 horas y concluy\u00f3 a las 18:00 horas, de acuerdo con lo programado.&nbsp;<\/p>\n\n\n\n<p>El jueves pasado tambi\u00e9n realizaron una jornada similar, pero \u00fanicamente con presencia en las instalaciones de la Rector\u00eda en la capital del estado. Durante el 2020 el STEUABJO estall\u00f3 la huelga el 1 de febrero.<\/p>\n","protected":false},"excerpt":{"rendered":"<p>Yuridiana Sosa\/Zona Roja. Oaxaca de Ju\u00e1rez, Oax., 18 de enero de 2021.- Por segunda ocasi\u00f3n,&hellip;<\/p>\n","protected":false},"author":2,"featured_media":22559,"comment_status":"closed","ping_status":"open","sticky":false,"template":"","format":"standard","meta":{"_lmt_disableupdate":"","_lmt_disable":"","_jetpack_memberships_contains_paid_content":false,"footnotes":""},"categories":[109,47],"tags":[305],"class_list":["post-22557","post","type-post","status-publish","format-standard","has-post-thumbnail","hentry","category-minuto-a-minuto","category-zona-gris","tag-steuabjo"],"jetpack_featured_media_url":"https:\/\/zonaroja.com.mx\/wp-content\/uploads\/2021\/01\/Toma-CU-1.jpg","jetpack_sharing_enabled":true,"_links":{"self":[{"href":"https:\/\/zonaroja.com.mx\/index.php?rest_route=\/wp\/v2\/posts\/22557","targetHints":{"allow":["GET"]}}],"collection":[{"href":"https:\/\/zonaroja.com.mx\/index.php?rest_route=\/wp\/v2\/posts"}],"about":[{"href":"https:\/\/zonaroja.com.mx\/index.php?rest_route=\/wp\/v2\/types\/post"}],"author":[{"embeddable":true,"href":"https:\/\/zonaroja.com.mx\/index.php?rest_route=\/wp\/v2\/users\/2"}],"replies":[{"embeddable":true,"href":"https:\/\/zonaroja.com.mx\/index.php?rest_route=%2Fwp%2Fv2%2Fcomments&post=22557"}],"version-history":[{"count":1,"href":"https:\/\/zonaroja.com.mx\/index.php?rest_route=\/wp\/v2\/posts\/22557\/revisions"}],"predecessor-version":[{"id":22560,"href":"https:\/\/zonaroja.com.mx\/index.php?rest_route=\/wp\/v2\/posts\/22557\/revisions\/22560"}],"wp:featuredmedia":[{"embeddable":true,"href":"https:\/\/zonaroja.com.mx\/index.php?rest_route=\/wp\/v2\/media\/22559"}],"wp:attachment":[{"href":"https:\/\/zonaroja.com.mx\/index.php?rest_route=%2Fwp%2Fv2%2Fmedia&parent=22557"}],"wp:term":[{"taxonomy":"category","embeddable":true,"href":"https:\/\/zonaroja.com.mx\/index.php?rest_route=%2Fwp%2Fv2%2Fcategories&post=22557"},{"taxonomy":"post_tag","embeddable":true,"href":"https:\/\/zonaroja.com.mx\/index.php?rest_route=%2Fwp%2Fv2%2Ftags&post=22557"}],"curies":[{"name":"wp","href":"https:\/\/api.w.org\/{rel}","templated":true}]}}