{"id":22561,"date":"2021-01-18T21:37:44","date_gmt":"2021-01-19T03:37:44","guid":{"rendered":"http:\/\/www.zonaroja.com.mx\/?p=22561"},"modified":"2021-01-18T21:37:48","modified_gmt":"2021-01-19T03:37:48","slug":"en-oaxaca-ya-son-16-los-hospitales-al-100-por-covid-hay-423-hospitalizados","status":"publish","type":"post","link":"https:\/\/zonaroja.com.mx\/?p=22561","title":{"rendered":"En Oaxaca ya son 16 los hospitales al 100% por Covid; hay 423 hospitalizados"},"content":{"rendered":"\n<p>Redacci\u00f3n\/Zona Roja.<\/p>\n\n\n\n<p>Oaxaca de Ju\u00e1rez, Oax., 18 de enero de 2021.- Al corte epidemiol\u00f3gico de este lunes, los hospitales de Oaxaca registran el 60.9% en ocupaci\u00f3n de camas para la atenci\u00f3n de pacientes COVID-19, informaron los Servicios de Salud de Oaxaca (SSO).<\/p>\n\n\n\n<p>En un comunicado, la instituci\u00f3n indic\u00f3 que del 16 de enero a la fecha se ingresaron a la red m\u00e9dica 55 nuevos pacientes, es decir hay 423 personas hospitalizadas a causa del virus;16 nosocomios muestran el 100% de ocupaci\u00f3n de camas.<\/p>\n\n\n\n<p>Valles Centrales registra el 75.6% de ocupaci\u00f3n hospitalaria, el Istmo 46.6%, Tuxtepec 38.1% Costa 39.4%, Mixteca 67.3% y la Sierra 5.6%, agreg\u00f3.<\/p>\n\n\n\n<p>Se\u00f1al\u00f3 que el n\u00famero de contagios por la patolog\u00eda v\u00edrica en la entidad, lleg\u00f3 a los 31 mil 596 casos, se sumaron este fin de semana 437 pacientes en 91 municipios, principalmente residentes de Valles Centrales.<\/p>\n\n\n\n<p>Mencion\u00f3 que suman dos mil 293 muertes acumuladas a causa del SARS-CoV-2; las personas m\u00e1s afectadas contin\u00faan siendo los adultos mayores.<\/p>\n\n\n\n<p>A la fecha hay un global de mil 910 defunciones en los mayores de 50 a\u00f1os, en los cuales, el 23% present\u00f3 obesidad, el 37.4% diabetes mellitus y 40.3% hipertensi\u00f3n arterial.<\/p>\n\n\n\n<figure class=\"wp-block-embed-twitter wp-block-embed is-type-rich is-provider-twitter\"><div class=\"wp-block-embed__wrapper\">\n<div class=\"twitter-tweet\"><blockquote class=\"twitter-tweet\" data-lang=\"es\"><p lang=\"es\" dir=\"ltr\"><a href=\"https:\/\/twitter.com\/hashtag\/%C3%9AltimoMinuto?src=hash&amp;ref_src=twsrc%5Etfw\">#\u00daltimoMinuto<\/a><br>Los Servicios de Salud de <a href=\"https:\/\/twitter.com\/hashtag\/Oaxaca?src=hash&amp;ref_src=twsrc%5Etfw\">#Oaxaca<\/a> reportaron este lunes dos fallecimientos por Covid, para un total de dos mil 293, y 90 casos positivos, que dan un acumulado de 31 mil 596; s\u00f3lo el fin de semana se registraron 437 contagiados.<a href=\"https:\/\/twitter.com\/hashtag\/Qu%C3%A9dateEnCasa?src=hash&amp;ref_src=twsrc%5Etfw\">#Qu\u00e9dateEnCasa<\/a> <a href=\"https:\/\/t.co\/Ekaqft2k3V\">pic.twitter.com\/Ekaqft2k3V<\/a><\/p>&mdash; Zona Roja Oaxaca (@MexRoja) <a href=\"https:\/\/twitter.com\/MexRoja\/status\/1351351858745503748?ref_src=twsrc%5Etfw\">19 de enero de 2021<\/a><\/blockquote><\/div>\n<\/div><\/figure>\n\n\n\n<p>Dijo que al corte de este 18 de enero, hay un total de 14 mil 551 pruebas negativas, cuatro mil 658 est\u00e1n en espera de resultados, 28 mil 704 personas se han recuperado de la enfermedad y 599 son pacientes activos.<\/p>\n\n\n\n<p>Especific\u00f3 que la Jurisdicci\u00f3n Sanitaria de Valles Centrales persiste como la zona con mayor incidencia de contagios con un acumulado de 21 mil 821, seguido por el Istmo con dos mil 646, Mixteca dos mil 377, Tuxtepec con dos mil 147, Costa con mil 577 y Sierra con mil 028.<\/p>\n\n\n\n<p>En otro sentido, dio a conocer que de las 19 mil 500 vacunas Pfizer que se aplicaron en los trabajadores de salud en la entidad, 101 tuvieron reacciones al\u00e9rgicas luego de aplicarse el biol\u00f3gico, es decir, el .5%: 99 con sintomatolog\u00eda no graves y dos graves, estos \u00faltimos con antecedentes m\u00faltiples de alergias a f\u00e1rmacos, quienes ya fueron dados de alta m\u00e9dica.<\/p>\n\n\n\n<p>Finalmente, record\u00f3 a la poblaci\u00f3n que Oaxaca se encuentra en sem\u00e1foro epidemiol\u00f3gico naranja, por lo cual es importante no bajar la guardia en las medidas sanitarias, usar correctamente el cubrebocas para evitar contagios y principalmente, quedarse en casa si es posible.<\/p>\n","protected":false},"excerpt":{"rendered":"<p>Redacci\u00f3n\/Zona Roja. Oaxaca de Ju\u00e1rez, Oax., 18 de enero de 2021.- Al corte epidemiol\u00f3gico de&hellip;<\/p>\n","protected":false},"author":2,"featured_media":22562,"comment_status":"closed","ping_status":"open","sticky":false,"template":"","format":"standard","meta":{"_lmt_disableupdate":"","_lmt_disable":"","_jetpack_memberships_contains_paid_content":false,"footnotes":""},"categories":[1],"tags":[],"class_list":["post-22561","post","type-post","status-publish","format-standard","has-post-thumbnail","hentry","category-sin-categoria"],"jetpack_featured_media_url":"https:\/\/zonaroja.com.mx\/wp-content\/uploads\/2021\/01\/SSO-1-5.jpeg","jetpack_sharing_enabled":true,"_links":{"self":[{"href":"https:\/\/zonaroja.com.mx\/index.php?rest_route=\/wp\/v2\/posts\/22561","targetHints":{"allow":["GET"]}}],"collection":[{"href":"https:\/\/zonaroja.com.mx\/index.php?rest_route=\/wp\/v2\/posts"}],"about":[{"href":"https:\/\/zonaroja.com.mx\/index.php?rest_route=\/wp\/v2\/types\/post"}],"author":[{"embeddable":true,"href":"https:\/\/zonaroja.com.mx\/index.php?rest_route=\/wp\/v2\/users\/2"}],"replies":[{"embeddable":true,"href":"https:\/\/zonaroja.com.mx\/index.php?rest_route=%2Fwp%2Fv2%2Fcomments&post=22561"}],"version-history":[{"count":1,"href":"https:\/\/zonaroja.com.mx\/index.php?rest_route=\/wp\/v2\/posts\/22561\/revisions"}],"predecessor-version":[{"id":22563,"href":"https:\/\/zonaroja.com.mx\/index.php?rest_route=\/wp\/v2\/posts\/22561\/revisions\/22563"}],"wp:featuredmedia":[{"embeddable":true,"href":"https:\/\/zonaroja.com.mx\/index.php?rest_route=\/wp\/v2\/media\/22562"}],"wp:attachment":[{"href":"https:\/\/zonaroja.com.mx\/index.php?rest_route=%2Fwp%2Fv2%2Fmedia&parent=22561"}],"wp:term":[{"taxonomy":"category","embeddable":true,"href":"https:\/\/zonaroja.com.mx\/index.php?rest_route=%2Fwp%2Fv2%2Fcategories&post=22561"},{"taxonomy":"post_tag","embeddable":true,"href":"https:\/\/zonaroja.com.mx\/index.php?rest_route=%2Fwp%2Fv2%2Ftags&post=22561"}],"curies":[{"name":"wp","href":"https:\/\/api.w.org\/{rel}","templated":true}]}}