{"id":22564,"date":"2021-01-18T21:44:13","date_gmt":"2021-01-19T03:44:13","guid":{"rendered":"http:\/\/www.zonaroja.com.mx\/?p=22564"},"modified":"2021-01-18T21:44:17","modified_gmt":"2021-01-19T03:44:17","slug":"presentan-a-organizacion-juvenil-en-respaldo-a-la-4t-y-a-amlo","status":"publish","type":"post","link":"https:\/\/zonaroja.com.mx\/?p=22564","title":{"rendered":"Presentan a organizaci\u00f3n juvenil en respaldo a la 4T y a AMLO"},"content":{"rendered":"\n<p>Yuridiana Sosa\/Zona Roja.<\/p>\n\n\n\n<p>Oaxaca de Ju\u00e1rez, Oax., 18 de enero de 2021.- De cara a las elecciones 2021, la organizaci\u00f3n JUVE se present\u00f3 como la fuerza juvenil que apoya a la Cuarta Transformaci\u00f3n y para la cual van a continuar con trabajo de difusi\u00f3n, as\u00ed como pelear\u00e1n el posicionamiento de la juventud para ocupar los espacios de elecci\u00f3n popular.<\/p>\n\n\n\n<p>Con dos a\u00f1os de trabajo, en conferencia de prensa indic\u00f3 que reafirman su apoyo al proyecto que encabeza el Presidente Andr\u00e9s Manuel L\u00f3pez Obrador con respaldo del Partido del Trabajo para que en Oaxaca se alcance la Cuarta Transformaci\u00f3n.<\/p>\n\n\n\n<p>Los integrantes de JUVE apuntaron que en el proceso de transformaci\u00f3n de la vida pol\u00edtica del pa\u00eds y en la entidad los j\u00f3venes deben participar, tanto a trasmitir el mensaje como en sus aspiraciones a ocupar cargos p\u00fablicos.<\/p>\n\n\n\n<figure class=\"wp-block-embed-twitter wp-block-embed is-type-rich is-provider-twitter\"><div class=\"wp-block-embed__wrapper\">\n<div class=\"twitter-tweet\"><blockquote class=\"twitter-tweet\" data-lang=\"es\"><p lang=\"es\" dir=\"ltr\"><a href=\"https:\/\/twitter.com\/hashtag\/ENVIVO?src=hash&amp;ref_src=twsrc%5Etfw\">#ENVIVO<\/a> <br>Oaxaca de Ju\u00e1rez, Oax., 18 de enero de 2020.- Conferencia de prensa de la organizaci\u00f3n JUVE (<a href=\"https:\/\/twitter.com\/JuveOax?ref_src=twsrc%5Etfw\">@JuveOax<\/a>); recalcan su apoyo al Presidente <a href=\"https:\/\/twitter.com\/lopezobrador_?ref_src=twsrc%5Etfw\">@lopezobrador_<\/a> y su militancia en el <a href=\"https:\/\/twitter.com\/PT_Oaxaca?ref_src=twsrc%5Etfw\">@PT_Oaxaca<\/a>. <br>Aqu\u00ed la transmisi\u00f3n: \ud83d\udc47<a href=\"https:\/\/t.co\/jT9F6XKL5d\">https:\/\/t.co\/jT9F6XKL5d<\/a> <a href=\"https:\/\/t.co\/YYvXoulwT3\">pic.twitter.com\/YYvXoulwT3<\/a><\/p>&mdash; Zona Roja Oaxaca (@MexRoja) <a href=\"https:\/\/twitter.com\/MexRoja\/status\/1351205529817919490?ref_src=twsrc%5Etfw\">18 de enero de 2021<\/a><\/blockquote><\/div>\n<\/div><\/figure>\n\n\n\n<p>Durante los siguientes meses el trabajo de difusi\u00f3n a favor de la 4T se intensificar\u00e1, apuntaron, por lo que entre sus actividades se contempla la impresi\u00f3n y distribuci\u00f3n de un peri\u00f3dico denominado Juventudes Revolucionarias.<\/p>\n\n\n\n<p>Se trata de \u201cHacer notar la presencia de la juventud obradorista en los 10 Distritos Federales Electorales en Oaxaca\u201d, destac\u00f3 la dirigencia estatal de JUVE y agreg\u00f3 que recorrer\u00e1n los distritos, donde tambi\u00e9n ya tienen militancia, con un total aproximado hasta el momento de mil integrantes en todo el estado.<\/p>\n\n\n\n<p>\u201cDe la cara por la 4T, los j\u00f3venes de la JUVE estamos con el PT, con el comisionado pol\u00edtico de PT Benjam\u00edn Robles Montoya\u201d, expresaron sus integrantes.<\/p>\n","protected":false},"excerpt":{"rendered":"<p>Yuridiana Sosa\/Zona Roja. Oaxaca de Ju\u00e1rez, Oax., 18 de enero de 2021.- De cara a&hellip;<\/p>\n","protected":false},"author":2,"featured_media":22565,"comment_status":"closed","ping_status":"open","sticky":false,"template":"","format":"standard","meta":{"_lmt_disableupdate":"","_lmt_disable":"","_jetpack_memberships_contains_paid_content":false,"footnotes":""},"categories":[109,46],"tags":[2380],"class_list":["post-22564","post","type-post","status-publish","format-standard","has-post-thumbnail","hentry","category-minuto-a-minuto","category-zona-blanca","tag-organizacion-juve"],"jetpack_featured_media_url":"https:\/\/zonaroja.com.mx\/wp-content\/uploads\/2021\/01\/JUVE-Oaxaca.jpg","jetpack_sharing_enabled":true,"_links":{"self":[{"href":"https:\/\/zonaroja.com.mx\/index.php?rest_route=\/wp\/v2\/posts\/22564","targetHints":{"allow":["GET"]}}],"collection":[{"href":"https:\/\/zonaroja.com.mx\/index.php?rest_route=\/wp\/v2\/posts"}],"about":[{"href":"https:\/\/zonaroja.com.mx\/index.php?rest_route=\/wp\/v2\/types\/post"}],"author":[{"embeddable":true,"href":"https:\/\/zonaroja.com.mx\/index.php?rest_route=\/wp\/v2\/users\/2"}],"replies":[{"embeddable":true,"href":"https:\/\/zonaroja.com.mx\/index.php?rest_route=%2Fwp%2Fv2%2Fcomments&post=22564"}],"version-history":[{"count":1,"href":"https:\/\/zonaroja.com.mx\/index.php?rest_route=\/wp\/v2\/posts\/22564\/revisions"}],"predecessor-version":[{"id":22566,"href":"https:\/\/zonaroja.com.mx\/index.php?rest_route=\/wp\/v2\/posts\/22564\/revisions\/22566"}],"wp:featuredmedia":[{"embeddable":true,"href":"https:\/\/zonaroja.com.mx\/index.php?rest_route=\/wp\/v2\/media\/22565"}],"wp:attachment":[{"href":"https:\/\/zonaroja.com.mx\/index.php?rest_route=%2Fwp%2Fv2%2Fmedia&parent=22564"}],"wp:term":[{"taxonomy":"category","embeddable":true,"href":"https:\/\/zonaroja.com.mx\/index.php?rest_route=%2Fwp%2Fv2%2Fcategories&post=22564"},{"taxonomy":"post_tag","embeddable":true,"href":"https:\/\/zonaroja.com.mx\/index.php?rest_route=%2Fwp%2Fv2%2Ftags&post=22564"}],"curies":[{"name":"wp","href":"https:\/\/api.w.org\/{rel}","templated":true}]}}