{"id":2257,"date":"2019-07-14T15:56:30","date_gmt":"2019-07-14T20:56:30","guid":{"rendered":"http:\/\/www.zonaroja.com.mx\/?p=2257"},"modified":"2019-07-14T15:56:32","modified_gmt":"2019-07-14T20:56:32","slug":"muere-una-turista-de-la-ciudad-de-mexico-en-playa-de-oaxaca","status":"publish","type":"post","link":"https:\/\/zonaroja.com.mx\/?p=2257","title":{"rendered":"Muere una turista de la Ciudad de M\u00e9xico en playa de Oaxaca"},"content":{"rendered":"\n<p>Redacci\u00f3n<\/p>\n\n\n\n<p>Oaxaca de\nJu\u00e1rez, Oax., 14 de julio de 2019.- Una turista originaria de la Ciudad de\nM\u00e9xico muri\u00f3 este domingo en las aguas de la playa \u201cEl Tomatal\u201d, perteneciente\nal municipio de Santa Mar\u00eda Colotepec, en la regi\u00f3n Costa.<\/p>\n\n\n\n<p>La\nCoordinaci\u00f3n Estatal de Protecci\u00f3n Civil de Oaxaca (CEPCO) confirm\u00f3 que la\nmujer fue identificada como Beatriz M., de 59 a\u00f1os de edad, quien ingreso a una\nzona de mar abierto en solitario, por lo que no fue sino hasta que personal de\nla zona residencial divis\u00f3 el cuerpo cuando se dio aviso a los cuerpos de\nsocorro.<\/p>\n\n\n\n<p>Para\nrescatar el cuerpo de la mujer, intervinieron bomberos de Protecci\u00f3n Civil\nMunicipal de Colotepec, as\u00ed como habitantes de la comunidad de la costa\noaxaque\u00f1a y personal de la zona residencial, lugar en donde se han emitido\nrecomendaciones para no realizar la actividad del nado si las condiciones del\nmar no son id\u00f3neas.<\/p>\n\n\n\n<p>En un\ncomunicado, la dependencia estatal detall\u00f3 que para los tr\u00e1mites legales, el\ncuerpo fue trasladado al anfiteatro municipal, donde se realizar\u00e1 la necropsia\nde ley para posteriormente entregarlo a sus familiares, quienes han externado\nque ser\u00e1 llevado a la Ciudad de M\u00e9xico para su defunci\u00f3n.<\/p>\n\n\n\n<p>Destac\u00f3 que\neste fin de semana por el incremento en el efecto de \u201cMar de fondo\u201d se\nemitieron recomendaciones a los prestadores de servicios tur\u00edsticos, as\u00ed como a\nlas autoridades para tomar medidas de prevenci\u00f3n por el tema.<\/p>\n","protected":false},"excerpt":{"rendered":"<p>Redacci\u00f3n Oaxaca de Ju\u00e1rez, Oax., 14 de julio de 2019.- Una turista originaria de la&hellip;<\/p>\n","protected":false},"author":2,"featured_media":2258,"comment_status":"closed","ping_status":"open","sticky":false,"template":"","format":"standard","meta":{"_lmt_disableupdate":"","_lmt_disable":"","_jetpack_memberships_contains_paid_content":false,"footnotes":""},"categories":[109,51],"tags":[],"class_list":["post-2257","post","type-post","status-publish","format-standard","has-post-thumbnail","hentry","category-minuto-a-minuto","category-zona-roja"],"jetpack_featured_media_url":"https:\/\/zonaroja.com.mx\/wp-content\/uploads\/2019\/07\/Image-1.png","jetpack_sharing_enabled":true,"_links":{"self":[{"href":"https:\/\/zonaroja.com.mx\/index.php?rest_route=\/wp\/v2\/posts\/2257","targetHints":{"allow":["GET"]}}],"collection":[{"href":"https:\/\/zonaroja.com.mx\/index.php?rest_route=\/wp\/v2\/posts"}],"about":[{"href":"https:\/\/zonaroja.com.mx\/index.php?rest_route=\/wp\/v2\/types\/post"}],"author":[{"embeddable":true,"href":"https:\/\/zonaroja.com.mx\/index.php?rest_route=\/wp\/v2\/users\/2"}],"replies":[{"embeddable":true,"href":"https:\/\/zonaroja.com.mx\/index.php?rest_route=%2Fwp%2Fv2%2Fcomments&post=2257"}],"version-history":[{"count":1,"href":"https:\/\/zonaroja.com.mx\/index.php?rest_route=\/wp\/v2\/posts\/2257\/revisions"}],"predecessor-version":[{"id":2259,"href":"https:\/\/zonaroja.com.mx\/index.php?rest_route=\/wp\/v2\/posts\/2257\/revisions\/2259"}],"wp:featuredmedia":[{"embeddable":true,"href":"https:\/\/zonaroja.com.mx\/index.php?rest_route=\/wp\/v2\/media\/2258"}],"wp:attachment":[{"href":"https:\/\/zonaroja.com.mx\/index.php?rest_route=%2Fwp%2Fv2%2Fmedia&parent=2257"}],"wp:term":[{"taxonomy":"category","embeddable":true,"href":"https:\/\/zonaroja.com.mx\/index.php?rest_route=%2Fwp%2Fv2%2Fcategories&post=2257"},{"taxonomy":"post_tag","embeddable":true,"href":"https:\/\/zonaroja.com.mx\/index.php?rest_route=%2Fwp%2Fv2%2Ftags&post=2257"}],"curies":[{"name":"wp","href":"https:\/\/api.w.org\/{rel}","templated":true}]}}