{"id":22572,"date":"2021-01-19T07:49:27","date_gmt":"2021-01-19T13:49:27","guid":{"rendered":"http:\/\/www.zonaroja.com.mx\/?p=22572"},"modified":"2021-01-19T07:49:31","modified_gmt":"2021-01-19T13:49:31","slug":"deuda-de-oaxaca-aumento-154-en-9-anos-indicador-de-pobreza-empeoro","status":"publish","type":"post","link":"https:\/\/zonaroja.com.mx\/?p=22572","title":{"rendered":"Deuda de Oaxaca aument\u00f3 154% en 9 a\u00f1os; indicador de pobreza empeor\u00f3"},"content":{"rendered":"\n<p>\u00c1lvaro Morales\/Zona Roja.<\/p>\n\n\n\n<p>Oaxaca de Ju\u00e1rez, Oax., 19 de enero de 2021.- En nueve a\u00f1os, la deuda p\u00fablica de Oaxaca aument\u00f3 154 por ciento, al pasar de 5 mil 970 millones de pesos, en 2011, a 15 mil 209 millones de pesos, en 2020, seg\u00fan reportes emitidos por el Poder Ejecutivo del Estado.<\/p>\n\n\n\n<p>A pesar de aquel incremento por 9 mil 239 millones de pesos en el saldo de los compromisos financieros, el Consejo Nacional de Evaluaci\u00f3n de la Pol\u00edtica de Desarrollo Social (Coneval) report\u00f3 que la poblaci\u00f3n en pobreza en la entidad aument\u00f3 5.4 por ciento entre 2010 y 2018.<\/p>\n\n\n\n<p>Lo anterior, de acuerdo con el Instituto Mexicano para la Competitividad (IMCO), es un indicativo de que la deuda p\u00fablica de Oaxaca no ha cumplido con el fin primordial de aquella herramienta, que deber\u00eda tener como objetivo principal cubrir el costo de obras p\u00fablicas o inversiones que generen un beneficio para la sociedad.<\/p>\n\n\n\n<p>No obstante, en su portal de Transparencia Presupuestaria, el Gobierno del Estado indic\u00f3 que al cierre de 2011, durante la administraci\u00f3n del aliancista Gabino Cu\u00e9 Monteagudo, los compromisos financieros eran de 5 mil 970 millones de pesos; sin embargo, 12 meses despu\u00e9s, en 2012, el saldo aument\u00f3 hasta llegar a los 9 mil 353 millones de pesos.<\/p>\n\n\n\n<p>En 2013, el monto de los empr\u00e9stitos ascendi\u00f3 a 14 mil 262 millones de pesos; en 2014, disminuy\u00f3 a 13 mil 273 millones de pesos, pero, en 2015, el pasivo volvi\u00f3 a crecer hasta llegar a los 17 mil 72 millones de pesos.<\/p>\n\n\n\n<p>En 2016, durante el \u00faltimo a\u00f1o del gobierno gabinista la deuda del estado se ubic\u00f3 en 15 mil 720 millones de pesos, tal y como la recibi\u00f3 el actual mandatario, Alejandro Murat Hinojosa.<\/p>\n\n\n\n<p>MURAT AUMENTA DEUDA<\/p>\n\n\n\n<p>Luego de los primeros 12 meses de la administraci\u00f3n priista, en 2017, los pasivos volvieron a incrementarse a 16 mil 424 millones de pesos, y en 2018, continuaron al alza y se colocaron en 17 mil 280 millones de pesos, que, a su vez, se convirti\u00f3 en el monto m\u00e1s alto de la historia.<\/p>\n\n\n\n<p>En 2019, el saldo disminuy\u00f3 nuevamente a 15 mil 992 millones de pesos, mientras que en 2020 finaliz\u00f3 en 15 mil 209 millones de pesos, pero a\u00fan con un nuevo pr\u00e9stamo por mil millones de pesos en tr\u00e1mite.<\/p>\n\n\n\n<p>Las autoridades estatales le notificaron al Poder Legislativo que, en la actualidad, la Secretar\u00eda de Finanzas est\u00e1 en v\u00edas de contratar un nuevo cr\u00e9dito por mil millones de pesos, que ser\u00e1 colocado como deuda a corto plazo; con ello, el monto de los empr\u00e9stitos se elevar\u00eda a 16 mil 209 millones de pesos.<\/p>\n\n\n\n<p>Si se compara el monto de la deuda de 2015 y el monto de la deuda previsto para el comienzo de este 2021, se establece que sufri\u00f3 un incremento de 489 millones de pesos.<\/p>\n\n\n\n<p>\u201cLa deuda p\u00fablica no es positiva o negativa por s\u00ed sola. Cualquier afirmaci\u00f3n o se\u00f1alamiento sobre el nivel de endeudamiento de cada estado o municipio debe ser contrastado con su capacidad de pago.<\/p>\n\n\n\n<p>\u201cActualmente, existe un marco legal y distintos controles para impedir que la deuda p\u00fabica se destine a gasto improductivo. Las obligaciones financieras o deuda son buenas cuando son contratadas para cubrir el costo de obras p\u00fablicas o inversi\u00f3n que generan un beneficio a la sociedad\u201d, sostuvo el IMCO en el Reporte de la Deuda Subnacional 2020.<\/p>\n\n\n\n<p>CRECIENTE ENDEUDAMIENTO<\/p>\n\n\n\n<p>En ese sentido, la deuda p\u00fablica de Oaxaca estimada para el comienzo de 2021, equivale al 71.15 por ciento de las Participaciones Federales (22 mil 605 millones de pesos) que, seg\u00fan el Presupuesto de Egresos, llegar\u00e1n al estado a lo largo del actual ejercicio fiscal.<\/p>\n\n\n\n<p>El IMCO refiri\u00f3 que, en 2019, Oaxaca ostentaba la d\u00e9cima deuda m\u00e1s alta del pa\u00eds si se hac\u00eda esa misma comparaci\u00f3n, entre el monto de los pasivos financieros y el total de los recursos que el estado recib\u00eda anualmente por concepto de Participaciones Federales. Hace dos a\u00f1os, la deuda p\u00fablica de Oaxaca equival\u00eda al 71 por ciento de sus Participaciones Federales, situaci\u00f3n similar a la de 2021.<\/p>\n\n\n\n<p>En otra comparaci\u00f3n, el IMCO refiri\u00f3 que si la deuda p\u00fablica estatal se comparaba con el Producto Interno Bruto del Estado, \u00e9sta equival\u00eda al 4.4 por ciento del PIB, el sexto porcentaje m\u00e1s alto de M\u00e9xico.<\/p>\n\n\n\n<p>\u201cEs frecuente que los gobiernos contraten deuda para pagar en el corto plazo y que \u00e9sta se destine a gasto corriente, lo cual ir\u00eda no solo contra el marco legal, sino que podr\u00eda comprometer las finanzas o limitar el desarrollo econ\u00f3mica y la inversi\u00f3n p\u00fablica y privada\u201d, resalt\u00f3.<\/p>\n\n\n\n<p>En 2021, el gobierno de Oaxaca, que ha anunciado la implementaci\u00f3n de diversas medidas para generar ahorros en la administraci\u00f3n p\u00fablica, como la no recontrataci\u00f3n del personal eventual de los Servicios de Salud de Oaxaca (SSO), gastar\u00e1 2 mil 706 millones de pesos para cubrir el costo financiero de la deuda p\u00fablica.<\/p>\n\n\n\n<p>Sin embargo, s\u00f3lo mil 209 de aquellos 2 mil 706 millones de pesos, equivalentes al 44 por ciento, ser\u00e1n tomados en cuenta como pago o abono a capital, mientras que mil 407 millones de pesos \u201356 por ciento\u2014se perder\u00e1n en el pago de intereses, costos y gastos de la deuda.<\/p>\n\n\n\n<p>POBREZA CRECIENTE<\/p>\n\n\n\n<p>Mientras eso sucede, la organizaci\u00f3n civil M\u00e9xico, \u00bfc\u00f3mo vamos?, report\u00f3 que entre el primer trimestre de 2011 y el tercer trimestre de 2020, el porcentaje de la poblaci\u00f3n oaxaque\u00f1a en situaci\u00f3n de pobreza laboral \u2013que no puede comprar todos los alimentos con su sueldo&#8211; s\u00f3lo se redujo tres d\u00e9cimas, al pasar de 60.7 a 60.4 por ciento.<\/p>\n\n\n\n<p>As\u00ed, mientras la deuda reporta un incremento del 154 por ciento, la pobreza aument\u00f3 5.4 por ciento y la pobreza laboral \u00fanicamente se rejudo cuatro d\u00e9cimas.<\/p>\n","protected":false},"excerpt":{"rendered":"<p>\u00c1lvaro Morales\/Zona Roja. Oaxaca de Ju\u00e1rez, Oax., 19 de enero de 2021.- En nueve a\u00f1os,&hellip;<\/p>\n","protected":false},"author":2,"featured_media":21741,"comment_status":"closed","ping_status":"open","sticky":false,"template":"","format":"standard","meta":{"_lmt_disableupdate":"","_lmt_disable":"","_jetpack_memberships_contains_paid_content":false,"footnotes":""},"categories":[109,47],"tags":[2382],"class_list":["post-22572","post","type-post","status-publish","format-standard","has-post-thumbnail","hentry","category-minuto-a-minuto","category-zona-gris","tag-deudas-gobierno-de-oaxaca"],"jetpack_featured_media_url":"https:\/\/zonaroja.com.mx\/wp-content\/uploads\/2020\/12\/Gobierno-Ciudad-Administrativa.jpg","jetpack_sharing_enabled":true,"_links":{"self":[{"href":"https:\/\/zonaroja.com.mx\/index.php?rest_route=\/wp\/v2\/posts\/22572","targetHints":{"allow":["GET"]}}],"collection":[{"href":"https:\/\/zonaroja.com.mx\/index.php?rest_route=\/wp\/v2\/posts"}],"about":[{"href":"https:\/\/zonaroja.com.mx\/index.php?rest_route=\/wp\/v2\/types\/post"}],"author":[{"embeddable":true,"href":"https:\/\/zonaroja.com.mx\/index.php?rest_route=\/wp\/v2\/users\/2"}],"replies":[{"embeddable":true,"href":"https:\/\/zonaroja.com.mx\/index.php?rest_route=%2Fwp%2Fv2%2Fcomments&post=22572"}],"version-history":[{"count":1,"href":"https:\/\/zonaroja.com.mx\/index.php?rest_route=\/wp\/v2\/posts\/22572\/revisions"}],"predecessor-version":[{"id":22573,"href":"https:\/\/zonaroja.com.mx\/index.php?rest_route=\/wp\/v2\/posts\/22572\/revisions\/22573"}],"wp:featuredmedia":[{"embeddable":true,"href":"https:\/\/zonaroja.com.mx\/index.php?rest_route=\/wp\/v2\/media\/21741"}],"wp:attachment":[{"href":"https:\/\/zonaroja.com.mx\/index.php?rest_route=%2Fwp%2Fv2%2Fmedia&parent=22572"}],"wp:term":[{"taxonomy":"category","embeddable":true,"href":"https:\/\/zonaroja.com.mx\/index.php?rest_route=%2Fwp%2Fv2%2Fcategories&post=22572"},{"taxonomy":"post_tag","embeddable":true,"href":"https:\/\/zonaroja.com.mx\/index.php?rest_route=%2Fwp%2Fv2%2Ftags&post=22572"}],"curies":[{"name":"wp","href":"https:\/\/api.w.org\/{rel}","templated":true}]}}