{"id":22582,"date":"2021-01-19T16:56:28","date_gmt":"2021-01-19T22:56:28","guid":{"rendered":"http:\/\/www.zonaroja.com.mx\/?p=22582"},"modified":"2021-01-19T16:56:33","modified_gmt":"2021-01-19T22:56:33","slug":"despojo-y-violencia-en-mercado-victor-bravo-ahuja-omision-de-edil-dante-montano","status":"publish","type":"post","link":"https:\/\/zonaroja.com.mx\/?p=22582","title":{"rendered":"Despojo y violencia en mercado \u201cV\u00edctor Bravo Ahuja\u201d, omisi\u00f3n de edil Dante Monta\u00f1o"},"content":{"rendered":"\n<p>Yuridiana Sosa\/Zona Roja.<\/p>\n\n\n\n<p>Oaxaca de Ju\u00e1rez, Oax., 19 de enero de 2021.-&nbsp; Actos de violencia, cobros excesivos y despojo de comerciantes son parte de los problemas que viven los locatarios del mercado \u201cV\u00edctor Bravo Ah\u00faja\u201d, en Santa Luc\u00eda del Camino, a partir del control de un grupo de personas respaldadas por la autoridad municipal.<\/p>\n\n\n\n<p>As\u00ed lo denunciaron los abogados de la Asociaci\u00f3n Civil Unidos para Servir al Mercado \u201cV\u00edctor Bravo Ahuja\u201d, donde el pasado 15 de enero se registr\u00f3 el hallazgo de una cabeza de cerdo con una cartulina con mensaje de amenaza, presuntamente contra alg\u00fan integrante del lugar.<\/p>\n\n\n\n<p>Los abogados liderados por Romeo Gonz\u00e1lez detallaron que el clima de inseguridad en la plaza popular comenz\u00f3 a registrarse a partir de la imposici\u00f3n de un nuevo grupo de comerciantes, que han despojado del inmueble a tres mujeres comerciantes que son poseedoras del inmueble, que es considerado como propiedad particular.<\/p>\n\n\n\n<p>En julio de 2020, las poseedoras legales del marcado, Paulina Flores Hern\u00e1ndez, Aid\u00e9 Pe\u00f1a Caballero y Eufemia M\u00e9ndez Cabrera fueron desalojadas, sin permitirles su regreso para laborar.<\/p>\n\n\n\n<p>Pero, adem\u00e1s, ante diferentes situaciones, las comerciantes temen por su integridad, por lo que se interpuso una demanda bajo el expediente n\u00famero 21247\/2020 de la Zona Metropolitana de la Fiscal\u00eda General del Estado, contra los presuntos agresores identificados como \u00c1ngela Morales Valeriano, Pedro Francisco Jim\u00e9nez Mart\u00ednez, Francisco Javier Hern\u00e1ndez R\u00edos, Emilio Manuel Maldonado Nu\u00f1ez, Clauda Bustamante salinas, Jos\u00e9 Vega de la Cruz, entre otras personas apoyadas por porros.<\/p>\n\n\n\n<figure class=\"wp-block-embed-twitter wp-block-embed is-type-rich is-provider-twitter\"><div class=\"wp-block-embed__wrapper\">\n<div class=\"twitter-tweet\"><blockquote class=\"twitter-tweet\" data-lang=\"es\"><p lang=\"es\" dir=\"ltr\"><a href=\"https:\/\/twitter.com\/hashtag\/ENVIVO?src=hash&amp;ref_src=twsrc%5Etfw\">#ENVIVO<\/a><br>Oaxaca de Ju\u00e1rez, Oax.; 19 de enero de 2021.- Conferencia de prensa de representantes del mercado \u201cVictor Bravo Ah\u00faja\u201d; denuncian que en el conflicto, el <a href=\"https:\/\/twitter.com\/GobOax?ref_src=twsrc%5Etfw\">@goboax<\/a> y el edil <a href=\"https:\/\/twitter.com\/DANTEMONTANO?ref_src=twsrc%5Etfw\">@dantemontano<\/a> han tomado parte. <br>Aqu\u00ed la transmisi\u00f3n:<br>\ud83d\udc47<a href=\"https:\/\/t.co\/7TDVw6OP9U\">https:\/\/t.co\/7TDVw6OP9U<\/a> <a href=\"https:\/\/t.co\/NltaihBDuX\">pic.twitter.com\/NltaihBDuX<\/a><\/p>&mdash; Zona Roja Oaxaca (@MexRoja) <a href=\"https:\/\/twitter.com\/MexRoja\/status\/1351575590856482817?ref_src=twsrc%5Etfw\">19 de enero de 2021<\/a><\/blockquote><\/div>\n<\/div><\/figure>\n\n\n\n<p>Ante esta situaci\u00f3n, el presidente municipal Dante Monta\u00f1o ha mostrado su respaldo al nuevo grupo de comerciantes, a pesar que la asociaci\u00f3n civil del mercado le demand\u00f3 mantenerse al margen de esta situaci\u00f3n.<\/p>\n\n\n\n<p>Explicaron que el mercado a pesar de ser un espacio p\u00fablico, est\u00e1 construido en propiedad privada y es la Uni\u00f3n la que cuenta con escrituras desde 1989 y del a\u00f1o 2003 con t\u00edtulo de propiedad otorgadas por la Comisi\u00f3n para la Regularizaci\u00f3n de la Tenencia de la Tierra (CORETT).<\/p>\n\n\n\n<p>Los abogados demandaron a la Fiscal\u00eda General del Estado su intervenci\u00f3n y atenci\u00f3n a la solicitud de medidas cautelares para las personas que se encuentran en riesgo ante las diferentes amenazas.<\/p>\n\n\n\n<p>Lamentaron tambi\u00e9n que desde una oficina del Gobierno del Estado, presuntamente de la Defensor\u00eda P\u00fablica, se est\u00e9 apoyando a los agresores e incluso habr\u00edan obtenido por parte de la Fiscal\u00eda copia de los legajos de investigaci\u00f3n, para robustecer su defensa.<\/p>\n","protected":false},"excerpt":{"rendered":"<p>Yuridiana Sosa\/Zona Roja. Oaxaca de Ju\u00e1rez, Oax., 19 de enero de 2021.-&nbsp; Actos de violencia,&hellip;<\/p>\n","protected":false},"author":2,"featured_media":22583,"comment_status":"closed","ping_status":"open","sticky":false,"template":"","format":"standard","meta":{"_lmt_disableupdate":"","_lmt_disable":"","_jetpack_memberships_contains_paid_content":false,"footnotes":""},"categories":[109,47],"tags":[2383],"class_list":["post-22582","post","type-post","status-publish","format-standard","has-post-thumbnail","hentry","category-minuto-a-minuto","category-zona-gris","tag-mercado-victor-bravo-ahuja-santa-lucia-del-camino"],"jetpack_featured_media_url":"https:\/\/zonaroja.com.mx\/wp-content\/uploads\/2021\/01\/Conferencia-mercado-Bravo-Ahuja.jpg","jetpack_sharing_enabled":true,"_links":{"self":[{"href":"https:\/\/zonaroja.com.mx\/index.php?rest_route=\/wp\/v2\/posts\/22582","targetHints":{"allow":["GET"]}}],"collection":[{"href":"https:\/\/zonaroja.com.mx\/index.php?rest_route=\/wp\/v2\/posts"}],"about":[{"href":"https:\/\/zonaroja.com.mx\/index.php?rest_route=\/wp\/v2\/types\/post"}],"author":[{"embeddable":true,"href":"https:\/\/zonaroja.com.mx\/index.php?rest_route=\/wp\/v2\/users\/2"}],"replies":[{"embeddable":true,"href":"https:\/\/zonaroja.com.mx\/index.php?rest_route=%2Fwp%2Fv2%2Fcomments&post=22582"}],"version-history":[{"count":1,"href":"https:\/\/zonaroja.com.mx\/index.php?rest_route=\/wp\/v2\/posts\/22582\/revisions"}],"predecessor-version":[{"id":22584,"href":"https:\/\/zonaroja.com.mx\/index.php?rest_route=\/wp\/v2\/posts\/22582\/revisions\/22584"}],"wp:featuredmedia":[{"embeddable":true,"href":"https:\/\/zonaroja.com.mx\/index.php?rest_route=\/wp\/v2\/media\/22583"}],"wp:attachment":[{"href":"https:\/\/zonaroja.com.mx\/index.php?rest_route=%2Fwp%2Fv2%2Fmedia&parent=22582"}],"wp:term":[{"taxonomy":"category","embeddable":true,"href":"https:\/\/zonaroja.com.mx\/index.php?rest_route=%2Fwp%2Fv2%2Fcategories&post=22582"},{"taxonomy":"post_tag","embeddable":true,"href":"https:\/\/zonaroja.com.mx\/index.php?rest_route=%2Fwp%2Fv2%2Ftags&post=22582"}],"curies":[{"name":"wp","href":"https:\/\/api.w.org\/{rel}","templated":true}]}}