{"id":22591,"date":"2021-01-19T20:33:52","date_gmt":"2021-01-20T02:33:52","guid":{"rendered":"http:\/\/www.zonaroja.com.mx\/?p=22591"},"modified":"2021-01-19T20:33:56","modified_gmt":"2021-01-20T02:33:56","slug":"no-cesan-feminicidios-en-oaxaca-hoy-una-adolescente-en-san-isidro-zoquiapam","status":"publish","type":"post","link":"https:\/\/zonaroja.com.mx\/?p=22591","title":{"rendered":"No cesan feminicidios en Oaxaca; hoy una adolescente en San Isidro Zoqui\u00e1pam"},"content":{"rendered":"\n<p>Ismael Garc\u00eda M.\/Zona Roja.<\/p>\n\n\n\n<p>Oaxaca de Ju\u00e1rez, Oax., 19 de enero de 2021.- La ola feminicida no para en Oaxaca. La tarde de este martes, una adolescente fue asesinada en la localidad de San Isidro Zoqui\u00e1pam, perteneciente al municipio de San Lucas Zoqui\u00e1pam, en la regi\u00f3n Ca\u00f1ada.<\/p>\n\n\n\n<p>El presidente municipal, Alfredo Carrera Hern\u00e1ndez, confirm\u00f3 el crimen y que el cuerpo fue hallado a unos 50 metros de una vereda, junto a un arroyo conocido como \u201cR\u00edo Duende\u201d.<\/p>\n\n\n\n<p>Se trata de una femenina de 16 a\u00f1os de edad, estudiante del Instituto de Estudios de Bachillerato de Oaxaca (IEBO), quien hab\u00eda salido ayer por la ma\u00f1ana de su domicilio en Buena Vista Zoqui\u00e1pam, pero no volvi\u00f3.<\/p>\n\n\n\n<p>La adolescente fue hallada con huellas de estrangulamiento y maniatada; hasta el momento no hay personas detenidas.<\/p>\n\n\n\n<p>\u201cCondeno el feminicidio en contra de una menor de edad, registrada en San Isidro Zoqui\u00e1pam; exijo a las autoridades investigar de manera inmediata y dar con los responsables de este crimen, para evitar la impunidad\u201d, difundi\u00f3 la diputada por Morena, Magaly L\u00f3pez Dom\u00ednguez.<\/p>\n","protected":false},"excerpt":{"rendered":"<p>Ismael Garc\u00eda M.\/Zona Roja. Oaxaca de Ju\u00e1rez, Oax., 19 de enero de 2021.- La ola&hellip;<\/p>\n","protected":false},"author":2,"featured_media":22592,"comment_status":"closed","ping_status":"open","sticky":false,"template":"","format":"standard","meta":{"_lmt_disableupdate":"","_lmt_disable":"","_jetpack_memberships_contains_paid_content":false,"footnotes":""},"categories":[109,51],"tags":[2385],"class_list":["post-22591","post","type-post","status-publish","format-standard","has-post-thumbnail","hentry","category-minuto-a-minuto","category-zona-roja","tag-san-isidro-zoquiapam"],"jetpack_featured_media_url":"https:\/\/zonaroja.com.mx\/wp-content\/uploads\/2021\/01\/San-Isidro-Zoquiapam.jpg","jetpack_sharing_enabled":true,"_links":{"self":[{"href":"https:\/\/zonaroja.com.mx\/index.php?rest_route=\/wp\/v2\/posts\/22591","targetHints":{"allow":["GET"]}}],"collection":[{"href":"https:\/\/zonaroja.com.mx\/index.php?rest_route=\/wp\/v2\/posts"}],"about":[{"href":"https:\/\/zonaroja.com.mx\/index.php?rest_route=\/wp\/v2\/types\/post"}],"author":[{"embeddable":true,"href":"https:\/\/zonaroja.com.mx\/index.php?rest_route=\/wp\/v2\/users\/2"}],"replies":[{"embeddable":true,"href":"https:\/\/zonaroja.com.mx\/index.php?rest_route=%2Fwp%2Fv2%2Fcomments&post=22591"}],"version-history":[{"count":1,"href":"https:\/\/zonaroja.com.mx\/index.php?rest_route=\/wp\/v2\/posts\/22591\/revisions"}],"predecessor-version":[{"id":22593,"href":"https:\/\/zonaroja.com.mx\/index.php?rest_route=\/wp\/v2\/posts\/22591\/revisions\/22593"}],"wp:featuredmedia":[{"embeddable":true,"href":"https:\/\/zonaroja.com.mx\/index.php?rest_route=\/wp\/v2\/media\/22592"}],"wp:attachment":[{"href":"https:\/\/zonaroja.com.mx\/index.php?rest_route=%2Fwp%2Fv2%2Fmedia&parent=22591"}],"wp:term":[{"taxonomy":"category","embeddable":true,"href":"https:\/\/zonaroja.com.mx\/index.php?rest_route=%2Fwp%2Fv2%2Fcategories&post=22591"},{"taxonomy":"post_tag","embeddable":true,"href":"https:\/\/zonaroja.com.mx\/index.php?rest_route=%2Fwp%2Fv2%2Ftags&post=22591"}],"curies":[{"name":"wp","href":"https:\/\/api.w.org\/{rel}","templated":true}]}}