{"id":22594,"date":"2021-01-19T20:55:31","date_gmt":"2021-01-20T02:55:31","guid":{"rendered":"http:\/\/www.zonaroja.com.mx\/?p=22594"},"modified":"2021-01-19T20:55:35","modified_gmt":"2021-01-20T02:55:35","slug":"violencia-en-zona-triqui-por-negligencia-del-gobierno-coinciden-mult-y-multi","status":"publish","type":"post","link":"https:\/\/zonaroja.com.mx\/?p=22594","title":{"rendered":"Violencia en zona triqui por negligencia del gobierno, coinciden MULT y MULTI"},"content":{"rendered":"\n<p>Yuridiana Sosa\/Zona Roja.<\/p>\n\n\n\n<p>Oaxaca de Ju\u00e1rez, Oax., 19 de enero de 2021.- La disputa por buscar culpables de la violencia en la regi\u00f3n triqui contin\u00faa entre las organizaciones de Movimiento de Unificaci\u00f3n y Lucha Triqui Independiente (MULTI) y Movimiento de Unificaci\u00f3n y Lucha Triqui (MULT), quienes pese a sus confrontaciones, coincidieron que el gobierno de Oaxaca ha sido omiso en atender el problema.<\/p>\n\n\n\n<p>Este martes ambos grupos, por separado, ofrecieron conferencia de prensa en la capital sobre los hechos violentos en la comunidad de Tierra Blanca Copala, de Santiago Juxtlahuaca, en el domingo y este martes se registr\u00f3 otro ataque armado.<\/p>\n\n\n\n<p>El MULTI denunci\u00f3 que el Gobierno del Estado incumpli\u00f3 con los acuerdos de seguridad para los pobladores al ordenar el retiro de la Guardia Nacional y Polic\u00eda Estatal, como se hab\u00eda firmado este a\u00f1o con la Secretar\u00eda General de Gobierno (Segego).<\/p>\n\n\n\n<p>La ausencia de los cuerpos de seguridad permiti\u00f3 que grupos \u201cparamilitares\u201d del MULT, apoyados por la autoridad municipal de Santiago Juxtlahuaca que encabeza Nicol\u00e1s Feria Romero, atacaron nuevamente a la comunidad.<\/p>\n\n\n\n<figure class=\"wp-block-embed-twitter wp-block-embed is-type-rich is-provider-twitter\"><div class=\"wp-block-embed__wrapper\">\n<div class=\"twitter-tweet\"><blockquote class=\"twitter-tweet\" data-lang=\"es\"><p lang=\"es\" dir=\"ltr\"><a href=\"https:\/\/twitter.com\/hashtag\/ENVIVO?src=hash&amp;ref_src=twsrc%5Etfw\">#ENVIVO<\/a><br>Oaxaca de Ju\u00e1rez, Oax., 19 de enero de 2021.- Conferencia de prensa de la organizaci\u00f3n MU\u00d1TI, que denuncia desatenci\u00f3n del gobierno y culpa de ataques al MULT. <br>Aqu\u00ed la transmisi\u00f3n:<br>\ud83d\udc47<a href=\"https:\/\/t.co\/RzgoP51BsM\">https:\/\/t.co\/RzgoP51BsM<\/a> <a href=\"https:\/\/t.co\/HhIVFSNmA6\">pic.twitter.com\/HhIVFSNmA6<\/a><\/p>&mdash; Zona Roja Oaxaca (@MexRoja) <a href=\"https:\/\/twitter.com\/MexRoja\/status\/1351582689644560386?ref_src=twsrc%5Etfw\">19 de enero de 2021<\/a><\/blockquote><\/div>\n<\/div><\/figure>\n\n\n\n<p>Adem\u00e1s, ante el retiro de la seguridad, los grupos armados bloquean desde el pasado 15 de enero el acceso a la poblaci\u00f3n, violando sus derechos humanos.<\/p>\n\n\n\n<p>\u201cNuestra esperanza es el Presidente Andr\u00e9s Manuel L\u00f3pez Obrador, aunque el principal agresor sea de su partido (Morena)\u201d, se\u00f1alaron las mujeres representantes en conferencia de prensa, quienes se acompa\u00f1aron de menores de edad que portaron cartulinas con mensajes de cese a la violencia.<\/p>\n\n\n\n<p>MULT HAR\u00c1 \u201cPLANT\u00d3N\u201d<\/p>\n\n\n\n<p>Por su parte, la direcci\u00f3n Pol\u00edtica del MULT se deslind\u00f3 de los dichos por su grupo rival y se\u00f1al\u00f3 que los verdaderos atacantes son pol\u00edticos del PRI.<\/p>\n\n\n\n<figure class=\"wp-block-embed-twitter wp-block-embed is-type-rich is-provider-twitter\"><div class=\"wp-block-embed__wrapper\">\n<div class=\"twitter-tweet\"><blockquote class=\"twitter-tweet\" data-lang=\"es\"><p lang=\"es\" dir=\"ltr\"><a href=\"https:\/\/twitter.com\/hashtag\/ENVIVO?src=hash&amp;ref_src=twsrc%5Etfw\">#ENVIVO<\/a> <br>Oaxaca de Ju\u00e1rez, Oax., 19 de enero de 2021.- El Movimiento de Unificaci\u00f3n y Lucha Triqui se deslinda de ataques armados y anuncia \u201cplant\u00f3n\u201d frente al Palacio de Gobierno, para exigir se concrete acuerdo de paz en la zona. <br>Aqu\u00ed la transmisi\u00f3n <br>\ud83d\udc47<a href=\"https:\/\/t.co\/Gleh57Zz0Y\">https:\/\/t.co\/Gleh57Zz0Y<\/a> <a href=\"https:\/\/t.co\/Dj9rMfLlTZ\">pic.twitter.com\/Dj9rMfLlTZ<\/a><\/p>&mdash; Zona Roja Oaxaca (@MexRoja) <a href=\"https:\/\/twitter.com\/MexRoja\/status\/1351615787635793923?ref_src=twsrc%5Etfw\">19 de enero de 2021<\/a><\/blockquote><\/div>\n<\/div><\/figure>\n\n\n\n<p>En voz de su dirigente Rogelio Pensamiento Mesinas, apunt\u00f3 que el gobierno estatal no ha aplicado las medidas necesarias para que se cumpla con los acuerdos de paz para la naci\u00f3n triqui firmados desde el 2012.<\/p>\n\n\n\n<p>Por lo que, ante un nuevo anuncio por parte del gobernador Alejandro Murat, sobre una mesa de trabajo en busca de un acuerdo de paz, el MULT decidi\u00f3 instalarse en \u201cplant\u00f3n frente\u201d a Palacio de Gobierno, a partir de ma\u00f1ana.<\/p>\n\n\n\n<p>En tanto no tengan conocimiento de la fecha y lugar de la supuesta mesa, se manifestar\u00e1n en muestra de su inter\u00e9s para que se llegue a dicho acuerdo, indic\u00f3.<\/p>\n","protected":false},"excerpt":{"rendered":"<p>Yuridiana Sosa\/Zona Roja. Oaxaca de Ju\u00e1rez, Oax., 19 de enero de 2021.- La disputa por&hellip;<\/p>\n","protected":false},"author":2,"featured_media":22595,"comment_status":"closed","ping_status":"open","sticky":false,"template":"","format":"standard","meta":{"_lmt_disableupdate":"","_lmt_disable":"","_jetpack_memberships_contains_paid_content":false,"footnotes":""},"categories":[109,47],"tags":[1712],"class_list":["post-22594","post","type-post","status-publish","format-standard","has-post-thumbnail","hentry","category-minuto-a-minuto","category-zona-gris","tag-tierra-blanca-copala"],"jetpack_featured_media_url":"https:\/\/zonaroja.com.mx\/wp-content\/uploads\/2021\/01\/Tierra-Blanca-Copala.jpg","jetpack_sharing_enabled":true,"_links":{"self":[{"href":"https:\/\/zonaroja.com.mx\/index.php?rest_route=\/wp\/v2\/posts\/22594","targetHints":{"allow":["GET"]}}],"collection":[{"href":"https:\/\/zonaroja.com.mx\/index.php?rest_route=\/wp\/v2\/posts"}],"about":[{"href":"https:\/\/zonaroja.com.mx\/index.php?rest_route=\/wp\/v2\/types\/post"}],"author":[{"embeddable":true,"href":"https:\/\/zonaroja.com.mx\/index.php?rest_route=\/wp\/v2\/users\/2"}],"replies":[{"embeddable":true,"href":"https:\/\/zonaroja.com.mx\/index.php?rest_route=%2Fwp%2Fv2%2Fcomments&post=22594"}],"version-history":[{"count":1,"href":"https:\/\/zonaroja.com.mx\/index.php?rest_route=\/wp\/v2\/posts\/22594\/revisions"}],"predecessor-version":[{"id":22596,"href":"https:\/\/zonaroja.com.mx\/index.php?rest_route=\/wp\/v2\/posts\/22594\/revisions\/22596"}],"wp:featuredmedia":[{"embeddable":true,"href":"https:\/\/zonaroja.com.mx\/index.php?rest_route=\/wp\/v2\/media\/22595"}],"wp:attachment":[{"href":"https:\/\/zonaroja.com.mx\/index.php?rest_route=%2Fwp%2Fv2%2Fmedia&parent=22594"}],"wp:term":[{"taxonomy":"category","embeddable":true,"href":"https:\/\/zonaroja.com.mx\/index.php?rest_route=%2Fwp%2Fv2%2Fcategories&post=22594"},{"taxonomy":"post_tag","embeddable":true,"href":"https:\/\/zonaroja.com.mx\/index.php?rest_route=%2Fwp%2Fv2%2Ftags&post=22594"}],"curies":[{"name":"wp","href":"https:\/\/api.w.org\/{rel}","templated":true}]}}