{"id":22597,"date":"2021-01-19T21:37:29","date_gmt":"2021-01-20T03:37:29","guid":{"rendered":"http:\/\/www.zonaroja.com.mx\/?p=22597"},"modified":"2021-01-19T21:37:33","modified_gmt":"2021-01-20T03:37:33","slug":"agreden-a-familia-en-guichicovi-autoridades-omisas-ante-violencia-domestica","status":"publish","type":"post","link":"https:\/\/zonaroja.com.mx\/?p=22597","title":{"rendered":"Agreden a familia en Guichicovi; autoridades omisas ante violencia dom\u00e9stica"},"content":{"rendered":"\n<p>Evlin Arag\u00f3n\/Zona Roja.<\/p>\n\n\n\n<p>Oaxaca de Ju\u00e1rez, Oax., 19 de enero de 2021.- Mediante una transmisi\u00f3n en sus redes sociales, Fabi\u00e1n Yair Antonio denunci\u00f3 la agresi\u00f3n de la que fue v\u00edctima junto con su madre y la falta de atenci\u00f3n por parte de las autoridades municipales de San Juan Guichicovi, quienes se negaron a detener a su padre, a quien se\u00f1ala como su agresor.<\/p>\n\n\n\n<p>Independientemente de los golpes recibidos, el joven tuvo que enfrentarse a la omisi\u00f3n y complicidad de las autoridades municipales, particularmente de la s\u00edndica y los elementos de la polic\u00eda, que protegieron en todo momento al agresor, quien en a\u00f1os anteriores se desempe\u00f1\u00f3 como agente municipal.<\/p>\n\n\n\n<p>\u201cMi pap\u00e1 fue ex agente municipal y nadie hizo nada por defendernos, a pesar de que me golpe\u00f3, golpe\u00f3 a mi mam\u00e1 y nos amenaz\u00f3 de muerte, incluso ya estaba afilando su machete porque amenaz\u00f3 con cortarnos la cabeza\u201d, dijo el joven.&nbsp;<\/p>\n\n\n\n<p>La respuesta por parte de las autoridades fue que no pod\u00edan proceder porque su jefa \u2013la s\u00edndica- no les hab\u00eda dado \u00f3rdenes de hacerlo.<\/p>\n\n\n\n<p>Misma que al momento de hablar por tel\u00e9fono con el joven argument\u00f3 que el acusado de la agresi\u00f3n contaba con diversas propiedades en el municipio, de ah\u00ed que no lo pudieran trasladar en la patrulla.&nbsp;<\/p>\n\n\n\n<p>Por lo anterior, fueron las v\u00edctimas quienes fueron llevadas en el veh\u00edculo oficial de la polic\u00eda hac\u00eda el Ministerio P\u00fablico, dejando atr\u00e1s sus pertenencias y su patrimonio.<\/p>\n\n\n\n<p>Ya en esa instancia de la Fiscal\u00eda General del Estado, recibieron una serie de pretextos para no tomarles su declaraci\u00f3n y evadir la obligaci\u00f3n de las autoridades, incluso quer\u00edan que el joven fuera a ba\u00f1arse y cambiarse de ropa porque iba ensangrentado ante los golpes recibidos, y que regresara al otro d\u00eda.\u00a0\u00a0\u00a0<\/p>\n\n\n\n<figure class=\"wp-block-embed-twitter wp-block-embed is-type-rich is-provider-twitter\"><div class=\"wp-block-embed__wrapper\">\n<div class=\"twitter-tweet\"><blockquote class=\"twitter-tweet\" data-lang=\"es\"><p lang=\"es\" dir=\"ltr\"><a href=\"https:\/\/twitter.com\/hashtag\/OaxacaGris?src=hash&amp;ref_src=twsrc%5Etfw\">#OaxacaGris<\/a><br>As\u00ed denunci\u00f3 un joven violencia  contra \u00e9l y su madre, por parte de familiares. Los hechos ocurrieron ayer en San Juan <a href=\"https:\/\/twitter.com\/hashtag\/Guichicovi?src=hash&amp;ref_src=twsrc%5Etfw\">#Guichicovi<\/a>, <a href=\"https:\/\/twitter.com\/hashtag\/Oaxaca?src=hash&amp;ref_src=twsrc%5Etfw\">#Oaxaca<\/a>.  Lament\u00f3 la nula atenci\u00f3n de la autoridad municipal y la ministerial. <a href=\"https:\/\/t.co\/iux1sQQJHU\">pic.twitter.com\/iux1sQQJHU<\/a><\/p>&mdash; Zona Roja Oaxaca (@MexRoja) <a href=\"https:\/\/twitter.com\/MexRoja\/status\/1351553579006320640?ref_src=twsrc%5Etfw\">19 de enero de 2021<\/a><\/blockquote><\/div>\n<\/div><\/figure>\n\n\n\n<p>Ante la impotencia y el enojo que sinti\u00f3, y con el conocimiento de que ten\u00eda que ser atendido en ese mismo momento, el joven decidi\u00f3 iniciar una transmisi\u00f3n en vivo para dar a conocer los rostros de las personas que no quer\u00edan atenderlo, s\u00f3lo as\u00ed le dijeron que les atender\u00edan y pudo levantar su denuncia.&nbsp;<\/p>\n\n\n\n<p>Sin embargo, no pudo ser atendido por un m\u00e9dico porque no hab\u00eda y tuvo que ser trasladado a las instalaciones de Protecci\u00f3n Civil en Mat\u00edas Romero, donde finalmente fue atendido por personas que describi\u00f3 \u201cde buen coraz\u00f3n\u201d.&nbsp;<\/p>\n\n\n\n<p>Fabi\u00e1n Yair lament\u00f3 que las autoridades de su localidad no hayan respondido en defensa de las v\u00edctimas y no hicieran nada para garantizar la integridad f\u00edsica de quienes hab\u00edan sido lastimados, particularmente de su madre que se convirti\u00f3 en una v\u00edctima m\u00e1s de la violencia de g\u00e9nero al interior de los hogares.&nbsp;<\/p>\n\n\n\n<p>As\u00ed mismo, aprovech\u00f3 para manifestar la importancia de defender a las mujeres que son v\u00edctimas de violencia porque, lamentablemente, la polic\u00eda nunca hace nada, pese a que hubo amenazas de muerte, que estuvieron a punto de concretarse.&nbsp;<\/p>\n\n\n\n<p>\u201cNo permitan m\u00e1s feminicidios. Hay quienes dicen que las mujeres no sufren, claro que sufren y se los dice un hombre que tuvo que defender a su madre. Las mujeres no se buscan sus agresiones y hay que defenderlas porque son los m\u00e1s valioso que tenemos\u201d, sentenci\u00f3.&nbsp;&nbsp;<\/p>\n","protected":false},"excerpt":{"rendered":"<p>Evlin Arag\u00f3n\/Zona Roja. Oaxaca de Ju\u00e1rez, Oax., 19 de enero de 2021.- Mediante una transmisi\u00f3n&hellip;<\/p>\n","protected":false},"author":2,"featured_media":22598,"comment_status":"closed","ping_status":"open","sticky":false,"template":"","format":"standard","meta":{"_lmt_disableupdate":"","_lmt_disable":"","_jetpack_memberships_contains_paid_content":false,"footnotes":""},"categories":[109,47],"tags":[699],"class_list":["post-22597","post","type-post","status-publish","format-standard","has-post-thumbnail","hentry","category-minuto-a-minuto","category-zona-gris","tag-san-juan-guichicovi"],"jetpack_featured_media_url":"https:\/\/zonaroja.com.mx\/wp-content\/uploads\/2021\/01\/Agresion-Guichicovi.jpg","jetpack_sharing_enabled":true,"_links":{"self":[{"href":"https:\/\/zonaroja.com.mx\/index.php?rest_route=\/wp\/v2\/posts\/22597","targetHints":{"allow":["GET"]}}],"collection":[{"href":"https:\/\/zonaroja.com.mx\/index.php?rest_route=\/wp\/v2\/posts"}],"about":[{"href":"https:\/\/zonaroja.com.mx\/index.php?rest_route=\/wp\/v2\/types\/post"}],"author":[{"embeddable":true,"href":"https:\/\/zonaroja.com.mx\/index.php?rest_route=\/wp\/v2\/users\/2"}],"replies":[{"embeddable":true,"href":"https:\/\/zonaroja.com.mx\/index.php?rest_route=%2Fwp%2Fv2%2Fcomments&post=22597"}],"version-history":[{"count":1,"href":"https:\/\/zonaroja.com.mx\/index.php?rest_route=\/wp\/v2\/posts\/22597\/revisions"}],"predecessor-version":[{"id":22599,"href":"https:\/\/zonaroja.com.mx\/index.php?rest_route=\/wp\/v2\/posts\/22597\/revisions\/22599"}],"wp:featuredmedia":[{"embeddable":true,"href":"https:\/\/zonaroja.com.mx\/index.php?rest_route=\/wp\/v2\/media\/22598"}],"wp:attachment":[{"href":"https:\/\/zonaroja.com.mx\/index.php?rest_route=%2Fwp%2Fv2%2Fmedia&parent=22597"}],"wp:term":[{"taxonomy":"category","embeddable":true,"href":"https:\/\/zonaroja.com.mx\/index.php?rest_route=%2Fwp%2Fv2%2Fcategories&post=22597"},{"taxonomy":"post_tag","embeddable":true,"href":"https:\/\/zonaroja.com.mx\/index.php?rest_route=%2Fwp%2Fv2%2Ftags&post=22597"}],"curies":[{"name":"wp","href":"https:\/\/api.w.org\/{rel}","templated":true}]}}