{"id":2260,"date":"2019-07-14T20:43:38","date_gmt":"2019-07-15T01:43:38","guid":{"rendered":"http:\/\/www.zonaroja.com.mx\/?p=2260"},"modified":"2019-07-14T20:43:40","modified_gmt":"2019-07-15T01:43:40","slug":"suman-tres-vacacionistas-ahogados-en-oaxaca-en-una-semana","status":"publish","type":"post","link":"https:\/\/zonaroja.com.mx\/?p=2260","title":{"rendered":"Suman tres vacacionistas ahogados en Oaxaca en una semana"},"content":{"rendered":"\n<p>Redacci\u00f3n<\/p>\n\n\n\n<p>Oaxaca de\nJu\u00e1rez, Oax., 14 de julio de 2019.- Tres personas han perdido la vida a causa\nde ahogamiento en una semana, en municipios de las regiones Mixteca, Costa y\nValles Centrales.<\/p>\n\n\n\n<p>De acuerdo con\ndatos de la Coordinaci\u00f3n Estatal de Protecci\u00f3n Civil, el m\u00e1s reciente caso\nocurri\u00f3 la tarde de este domingo en Salina Cruz, cuando un individuo que acudi\u00f3\na visitar a sus familiares pase\u00f3 a orillas de la playa, en mar abierto.<\/p>\n\n\n\n<p>Sin embargo, una ola alta, provocada por el mal tiempo, lo\nalcanz\u00f3 y jal\u00f3 mar adentro; cuerpos de rescate lo localizaron sin vida m\u00e1s\ntarde y fue identificado como Juan Carlos Guzm\u00e1n Mart\u00ednez, de 39 a\u00f1os de edad.<\/p>\n\n\n\n<p>Al mediod\u00eda de hoy, el organismo del Gobierno del Estado\nreport\u00f3 el fallecimiento de una mujer, tambi\u00e9n por ahogamiento a causa de olas\naltas, en la playa \u201cEl Tomatal\u201d, del municipio de Santa Mar\u00eda Colotepec.<\/p>\n\n\n\n<p>La v\u00edctima se\nllam\u00f3 en vida Beatriz M., de 59 a\u00f1os de edad y originaria de la Ciudad de\nM\u00e9xico, quien ingreso a una zona de mar abierto en solitario, por lo que no fue\nsino hasta que personal de la zona residencial divisaron el cuerpo cuando se\ndio aviso a los cuerpos de rescate.<\/p>\n\n\n\n<p>El pasado\nmartes 9 de julio, un adolescente falleci\u00f3 ahogado en una presa denominada \u201cEl\nBoquer\u00f3n\u201d, en la agencia Nueva Reforma del municipio de Heoica Ciudad de\nTlaxiaco.<\/p>\n\n\n\n<p>El\nadolescente de 17 a\u00f1os de edad, identificado como Leodani, quien hab\u00eda ido a\nnadar y divertirse con sus compa\u00f1eros de escuela, tras concluir el\nbachillerato.<\/p>\n","protected":false},"excerpt":{"rendered":"<p>Redacci\u00f3n Oaxaca de Ju\u00e1rez, Oax., 14 de julio de 2019.- Tres personas han perdido la&hellip;<\/p>\n","protected":false},"author":2,"featured_media":2261,"comment_status":"closed","ping_status":"open","sticky":false,"template":"","format":"standard","meta":{"_lmt_disableupdate":"","_lmt_disable":"","_jetpack_memberships_contains_paid_content":false,"footnotes":""},"categories":[109,51],"tags":[346],"class_list":["post-2260","post","type-post","status-publish","format-standard","has-post-thumbnail","hentry","category-minuto-a-minuto","category-zona-roja","tag-tres-vacacionistas-ahogados-en-oaxaca"],"jetpack_featured_media_url":"https:\/\/zonaroja.com.mx\/wp-content\/uploads\/2019\/07\/Olas-altas.jpeg","jetpack_sharing_enabled":true,"_links":{"self":[{"href":"https:\/\/zonaroja.com.mx\/index.php?rest_route=\/wp\/v2\/posts\/2260","targetHints":{"allow":["GET"]}}],"collection":[{"href":"https:\/\/zonaroja.com.mx\/index.php?rest_route=\/wp\/v2\/posts"}],"about":[{"href":"https:\/\/zonaroja.com.mx\/index.php?rest_route=\/wp\/v2\/types\/post"}],"author":[{"embeddable":true,"href":"https:\/\/zonaroja.com.mx\/index.php?rest_route=\/wp\/v2\/users\/2"}],"replies":[{"embeddable":true,"href":"https:\/\/zonaroja.com.mx\/index.php?rest_route=%2Fwp%2Fv2%2Fcomments&post=2260"}],"version-history":[{"count":1,"href":"https:\/\/zonaroja.com.mx\/index.php?rest_route=\/wp\/v2\/posts\/2260\/revisions"}],"predecessor-version":[{"id":2262,"href":"https:\/\/zonaroja.com.mx\/index.php?rest_route=\/wp\/v2\/posts\/2260\/revisions\/2262"}],"wp:featuredmedia":[{"embeddable":true,"href":"https:\/\/zonaroja.com.mx\/index.php?rest_route=\/wp\/v2\/media\/2261"}],"wp:attachment":[{"href":"https:\/\/zonaroja.com.mx\/index.php?rest_route=%2Fwp%2Fv2%2Fmedia&parent=2260"}],"wp:term":[{"taxonomy":"category","embeddable":true,"href":"https:\/\/zonaroja.com.mx\/index.php?rest_route=%2Fwp%2Fv2%2Fcategories&post=2260"},{"taxonomy":"post_tag","embeddable":true,"href":"https:\/\/zonaroja.com.mx\/index.php?rest_route=%2Fwp%2Fv2%2Ftags&post=2260"}],"curies":[{"name":"wp","href":"https:\/\/api.w.org\/{rel}","templated":true}]}}