{"id":22600,"date":"2021-01-19T22:00:36","date_gmt":"2021-01-20T04:00:36","guid":{"rendered":"http:\/\/www.zonaroja.com.mx\/?p=22600"},"modified":"2021-01-19T22:00:40","modified_gmt":"2021-01-20T04:00:40","slug":"autoridades-comunales-de-huitzo-agreden-a-reportera-violentan-libertad-de-expresion","status":"publish","type":"post","link":"https:\/\/zonaroja.com.mx\/?p=22600","title":{"rendered":"Autoridades comunales de Huitzo agreden a reportera; violentan libertad de expresi\u00f3n"},"content":{"rendered":"\n<p>Evlin Arag\u00f3n\/Zona Roja.<\/p>\n\n\n\n<p>Oaxaca de Ju\u00e1rez, Oax., 19 de enero de 2021.- Autoridades comunales del municipio de San Pablo Huitzo, encabezadas por Jes\u00fas Cruz L\u00f3pez, impidieron la labor period\u00edstica de la reportera de Radiorama y Televisa Oaxaca, Diana Garc\u00eda M\u00e9ndez, as\u00ed mismo violentaron el derecho a la libertad de expresi\u00f3n.<\/p>\n\n\n\n<p>Lo anterior en el marco de la asamblea general que se llev\u00f3 a cabo este domingo y donde se reunieron habitantes de dicha municipalidad para resolver la pol\u00e9mica generada en noviembre pasado por la instalaci\u00f3n del cuartel de la Guardia Nacional en la zona.&nbsp;&nbsp;<\/p>\n\n\n\n<p>De acuerdo con la propia reportera, la tarde de 17 de enero se traslad\u00f3, junto con el camar\u00f3grafo Joshua Daniel Coronado al lugar en donde se llevar\u00eda a cabo la reuni\u00f3n, una vez ah\u00ed, le fue impedida su labor al ser corrida y acusada de ser la responsable de la suspensi\u00f3n de la asamblea en caso de no retirarse.<\/p>\n\n\n\n<p>\u201cSi se puede retirar. En caso contrario usted ser\u00eda la causal de que no se realice la asamblea. Usted va a ser la causante de que la asamblea no se realice. La invitamos a que se retire\u201d, se escucha decir a la autoridad comunal en el video que captur\u00f3 la reportera.&nbsp;<\/p>\n\n\n\n<p>Aunque la joven se retir\u00f3 del lugar, la tensi\u00f3n increment\u00f3 luego de que un ciudadano inconforme accediera a darle declaraciones en contra del actuar del representante propietario de los Bienes Comunales, Jes\u00fas Cruz L\u00f3pez, a quien acus\u00f3 de no rendir cuentas cuando se desempe\u00f1\u00f3 como autoridad municipal.&nbsp;<\/p>\n\n\n\n<p>De ah\u00ed que, en plena Asamblea, Jes\u00fas Cruz le grit\u00f3 a la reportera para tratar de intimidarla y la expuso ante todos los presentes, dando su nombre completo y su direcci\u00f3n, al ser avecindada de la localidad. Lo anterior poniendo en riesgo la integridad f\u00edsica de la joven y de su familia.&nbsp;<\/p>\n\n\n\n<p>\u201cNos toc\u00f3 cubrir y cuando llegamos nos corri\u00f3, falt\u00f3 poco para que nos atacaran f\u00edsicamente. En mi caso mencion\u00f3 mi nombre completo y hasta en donde vivo, y al camar\u00f3grafo tambi\u00e9n lo agredi\u00f3 verbalmente\u201d, refiri\u00f3 Garc\u00eda M\u00e9ndez.&nbsp;<\/p>\n\n\n\n<p>Aunque posteriormente la reuni\u00f3n sigui\u00f3 su curso, trascendi\u00f3 que la misma fue avalada pese a que s\u00f3lo cont\u00f3 con el 20 por ciento del total del padr\u00f3n de comuneros (120 de 600), mismos que a pesar de ser minor\u00eda, decidieron no aprobar la donaci\u00f3n del terreno comunal para la construcci\u00f3n de un cuartel de Guardia Nacional en San Pablo Huitzo.<\/p>\n","protected":false},"excerpt":{"rendered":"<p>Evlin Arag\u00f3n\/Zona Roja. Oaxaca de Ju\u00e1rez, Oax., 19 de enero de 2021.- Autoridades comunales del&hellip;<\/p>\n","protected":false},"author":2,"featured_media":22601,"comment_status":"closed","ping_status":"open","sticky":false,"template":"","format":"standard","meta":{"_lmt_disableupdate":"","_lmt_disable":"","_jetpack_memberships_contains_paid_content":false,"footnotes":""},"categories":[109,47],"tags":[1744],"class_list":["post-22600","post","type-post","status-publish","format-standard","has-post-thumbnail","hentry","category-minuto-a-minuto","category-zona-gris","tag-san-pablo-villa-de-huitzo"],"jetpack_featured_media_url":"https:\/\/zonaroja.com.mx\/wp-content\/uploads\/2021\/01\/Asamblea-Huitzo.jpg","jetpack_sharing_enabled":true,"_links":{"self":[{"href":"https:\/\/zonaroja.com.mx\/index.php?rest_route=\/wp\/v2\/posts\/22600","targetHints":{"allow":["GET"]}}],"collection":[{"href":"https:\/\/zonaroja.com.mx\/index.php?rest_route=\/wp\/v2\/posts"}],"about":[{"href":"https:\/\/zonaroja.com.mx\/index.php?rest_route=\/wp\/v2\/types\/post"}],"author":[{"embeddable":true,"href":"https:\/\/zonaroja.com.mx\/index.php?rest_route=\/wp\/v2\/users\/2"}],"replies":[{"embeddable":true,"href":"https:\/\/zonaroja.com.mx\/index.php?rest_route=%2Fwp%2Fv2%2Fcomments&post=22600"}],"version-history":[{"count":1,"href":"https:\/\/zonaroja.com.mx\/index.php?rest_route=\/wp\/v2\/posts\/22600\/revisions"}],"predecessor-version":[{"id":22602,"href":"https:\/\/zonaroja.com.mx\/index.php?rest_route=\/wp\/v2\/posts\/22600\/revisions\/22602"}],"wp:featuredmedia":[{"embeddable":true,"href":"https:\/\/zonaroja.com.mx\/index.php?rest_route=\/wp\/v2\/media\/22601"}],"wp:attachment":[{"href":"https:\/\/zonaroja.com.mx\/index.php?rest_route=%2Fwp%2Fv2%2Fmedia&parent=22600"}],"wp:term":[{"taxonomy":"category","embeddable":true,"href":"https:\/\/zonaroja.com.mx\/index.php?rest_route=%2Fwp%2Fv2%2Fcategories&post=22600"},{"taxonomy":"post_tag","embeddable":true,"href":"https:\/\/zonaroja.com.mx\/index.php?rest_route=%2Fwp%2Fv2%2Ftags&post=22600"}],"curies":[{"name":"wp","href":"https:\/\/api.w.org\/{rel}","templated":true}]}}