{"id":22613,"date":"2021-01-20T07:50:12","date_gmt":"2021-01-20T13:50:12","guid":{"rendered":"http:\/\/www.zonaroja.com.mx\/?p=22613"},"modified":"2021-01-20T07:50:15","modified_gmt":"2021-01-20T13:50:15","slug":"pandemia-agrava-desigualdad-comunidades-indigenas-piden-atencion-puntual","status":"publish","type":"post","link":"https:\/\/zonaroja.com.mx\/?p=22613","title":{"rendered":"Pandemia agrava desigualdad, comunidades ind\u00edgenas piden atenci\u00f3n puntual"},"content":{"rendered":"\n<p>Evlin Arag\u00f3n\/Zona Roja.<\/p>\n\n\n\n<p>Oaxaca de Ju\u00e1rez, Oax., 20 de enero de 2021.- Integrantes de la asociaci\u00f3n civil Servicios del Pueblo Mixe (SER) exigieron a las instituciones gubernamentales implementar medidas y pol\u00edtica p\u00fablicas para garantizar la salud en las comunidades ind\u00edgenas, toda vez que la pandemia ha agravado la desigualdad social.<\/p>\n\n\n\n<p>As\u00ed lo dieron a conocer a trav\u00e9s de un comunicado en el que refirieron que muchas personas enfrentan las complicaciones del Covid-19 en casa, ante la falta de centros de salud y hospitales cercanos, raz\u00f3n por la que el fallecimiento es mucho m\u00e1s probable.&nbsp;<\/p>\n\n\n\n<p>Lo anterior sin dejar de mencionar que muchas familias, de los pueblos ind\u00edgenas, han sido mayormente afectadas en su econom\u00eda, debido a la p\u00e9rdida de su trabajo o la baja en ventas de sus productos.&nbsp;<\/p>\n\n\n\n<p>De ah\u00ed que pidieron a las autoridades estatales y federales, pol\u00edticas p\u00fablicas y acciones espec\u00edficas para atender de manera integral a este sector poblacional que se ha visto doblemente afectado con la pandemia.<\/p>\n\n\n\n<p>As\u00ed mismo reconocieron la labor de autoridades comunitarias e ind\u00edgenas para evitar el alza de contagios.<\/p>\n\n\n\n<p>Sin embargo, exhortaron a no bajar la guardia y a seguir las recomendaciones sanitarias, ante el repunte que vive la entidad, que adem\u00e1s no contabiliza los casos de personas que enfrentan la enfermedad desde sus hogares.<\/p>\n\n\n\n<p>\u201cExhortamos a las autoridades comunitarias e ind\u00edgenas a no bajar la guardia y a seguir con las recomendaciones: evitar conglomeraciones y festividades, usar cubrebocas, gel antibacterial, recordar el lavado continuo de manos y mantener la sana distancia para resguardar la seguridad y salud de la poblaci\u00f3n en sus territorios\u201d, refiere el documento.&nbsp;<\/p>\n\n\n\n<p>Adem\u00e1s, aunque reconocen la primera etapa de vacunaci\u00f3n al personal de salud y personas de alto riesgo que atienden de manera directa a las personas contagiadas de Covid-19, tambi\u00e9n saben que falta mucho por hacer al respecto, por lo que es fundamental mantener el cuidado personal y comunitario.<\/p>\n\n\n\n<p>\u201cFalta mucho para que toda la poblaci\u00f3n reciba este medicamente, por lo que debemos continuar con las medidas sanitaria que se han implementado\u201d, manifestaron.&nbsp;<\/p>\n","protected":false},"excerpt":{"rendered":"<p>Evlin Arag\u00f3n\/Zona Roja. Oaxaca de Ju\u00e1rez, Oax., 20 de enero de 2021.- Integrantes de la&hellip;<\/p>\n","protected":false},"author":2,"featured_media":15447,"comment_status":"closed","ping_status":"open","sticky":false,"template":"","format":"standard","meta":{"_lmt_disableupdate":"","_lmt_disable":"","_jetpack_memberships_contains_paid_content":false,"footnotes":""},"categories":[109,47],"tags":[1432],"class_list":["post-22613","post","type-post","status-publish","format-standard","has-post-thumbnail","hentry","category-minuto-a-minuto","category-zona-gris","tag-servicios-del-pueblo-mixe-ser"],"jetpack_featured_media_url":"https:\/\/zonaroja.com.mx\/wp-content\/uploads\/2020\/07\/Coronavirus-pobreza.png","jetpack_sharing_enabled":true,"_links":{"self":[{"href":"https:\/\/zonaroja.com.mx\/index.php?rest_route=\/wp\/v2\/posts\/22613","targetHints":{"allow":["GET"]}}],"collection":[{"href":"https:\/\/zonaroja.com.mx\/index.php?rest_route=\/wp\/v2\/posts"}],"about":[{"href":"https:\/\/zonaroja.com.mx\/index.php?rest_route=\/wp\/v2\/types\/post"}],"author":[{"embeddable":true,"href":"https:\/\/zonaroja.com.mx\/index.php?rest_route=\/wp\/v2\/users\/2"}],"replies":[{"embeddable":true,"href":"https:\/\/zonaroja.com.mx\/index.php?rest_route=%2Fwp%2Fv2%2Fcomments&post=22613"}],"version-history":[{"count":1,"href":"https:\/\/zonaroja.com.mx\/index.php?rest_route=\/wp\/v2\/posts\/22613\/revisions"}],"predecessor-version":[{"id":22614,"href":"https:\/\/zonaroja.com.mx\/index.php?rest_route=\/wp\/v2\/posts\/22613\/revisions\/22614"}],"wp:featuredmedia":[{"embeddable":true,"href":"https:\/\/zonaroja.com.mx\/index.php?rest_route=\/wp\/v2\/media\/15447"}],"wp:attachment":[{"href":"https:\/\/zonaroja.com.mx\/index.php?rest_route=%2Fwp%2Fv2%2Fmedia&parent=22613"}],"wp:term":[{"taxonomy":"category","embeddable":true,"href":"https:\/\/zonaroja.com.mx\/index.php?rest_route=%2Fwp%2Fv2%2Fcategories&post=22613"},{"taxonomy":"post_tag","embeddable":true,"href":"https:\/\/zonaroja.com.mx\/index.php?rest_route=%2Fwp%2Fv2%2Ftags&post=22613"}],"curies":[{"name":"wp","href":"https:\/\/api.w.org\/{rel}","templated":true}]}}