{"id":22627,"date":"2021-01-20T16:00:55","date_gmt":"2021-01-20T22:00:55","guid":{"rendered":"http:\/\/www.zonaroja.com.mx\/?p=22627"},"modified":"2021-01-20T16:00:58","modified_gmt":"2021-01-20T22:00:58","slug":"guardia-nacional-sin-capacidad-para-resguardar-seguridad-de-yosonama-antorcha","status":"publish","type":"post","link":"https:\/\/zonaroja.com.mx\/?p=22627","title":{"rendered":"Guardia Nacional, sin capacidad para resguardar seguridad de Yoso\u00f1ama: Antorcha"},"content":{"rendered":"\n<p>Evlin Arag\u00f3n\/Zona Roja.<\/p>\n\n\n\n<p>Oaxaca de Ju\u00e1rez, Oax., 20 de enero de 2021.- Integrantes de Antorcha Campesina denunciaron que la Guardia Nacional se ha declarado incompetente para brindar la seguridad en la zona en conflicto entre Santo Domingo Yoso\u00f1ama y San Juan Mixtepec.<\/p>\n\n\n\n<p>As\u00ed lo dio a conocer el dirigente de la organizaci\u00f3n Dimas Romero Gonz\u00e1lez, quien explic\u00f3 que en una reciente reuni\u00f3n que sostuvieron con autoridades estatales y federales, les hicieron de conocimiento que \u00fanicamente podr\u00edan realizar rondines una vez a la semana, lo cual es insuficiente ante el clima de violencia que se vive en la zona.<\/p>\n\n\n\n<p>\u201cAc\u00e1 traemos un documento donde ellos se comprometen solamente a hacer un recorrido, un d\u00eda a la semana. Y eso no lo estamos inventando, aqu\u00ed traemos la minuta\u201d, refiri\u00f3 en conferencia de prensa en el z\u00f3calo de la ciudad. &nbsp;<\/p>\n\n\n\n<p>De ah\u00ed que ha resurgido la preocupaci\u00f3n por parte de la poblaci\u00f3n Santo Domingo Yoso\u00f1ama, ya que han referido la presencia de personas armadas sobre la carretera que conduce a Tezoatl\u00e1n de Segura y Luna, as\u00ed como en la zona de conflicto.&nbsp;<\/p>\n\n\n\n<p>Por ello, Dimas Romero pidi\u00f3 al gobierno de Oaxaca, encabezado por Alejandro Murat Hinojosa, que tome con seriedad el asunto, ya que la problem\u00e1tica entre ambas comunidades ha dejado familias enlutadas, ante diversos ataques armados que se han registrado.&nbsp;<\/p>\n\n\n\n<p>\u201cNo es un asunto en el que sea v\u00e1lido responder que a ver si pueden, los elementos de seguridad, ir una vez a la semana la seguridad. Eso no. No es posible, porque es un asunto muy complejo y que por lo tanto la gente de Yoso\u00f1ama est\u00e1 pidiendo que el gobierno realmente lo atienda\u201d, dijo.&nbsp;<\/p>\n\n\n\n<p>As\u00ed mismo, detall\u00f3 que entregaron un pliego petitorio, en el que independientemente de la seguridad en la zona en conflicto, piden obras de car\u00e1cter social para las comunidades ind\u00edgenas, que sin duda se han visto mayormente afectadas con la pandemia.&nbsp;<\/p>\n\n\n\n<p>Refiri\u00f3 que, en estos momentos, hay muchas familias que esperan justicia y otras m\u00e1s, apoyos en obras por parte del Gobierno, lo cual lamentablemente no ha sucedido, de ah\u00ed que sigan en las calles exigiendo la atenci\u00f3n debida por parte de las autoridades.&nbsp;&nbsp;<\/p>\n\n\n\n<p>Por lo que asegur\u00f3 Antorcha Campesina mantendr\u00e1 sus protestas y manifestaciones las veces y el tiempo que sea necesario, hasta que los pueblos y comunidades obtengan lo que por derecho les corresponde.&nbsp;<\/p>\n","protected":false},"excerpt":{"rendered":"<p>Evlin Arag\u00f3n\/Zona Roja. Oaxaca de Ju\u00e1rez, Oax., 20 de enero de 2021.- Integrantes de Antorcha&hellip;<\/p>\n","protected":false},"author":2,"featured_media":22628,"comment_status":"closed","ping_status":"open","sticky":false,"template":"","format":"standard","meta":{"_lmt_disableupdate":"","_lmt_disable":"","_jetpack_memberships_contains_paid_content":false,"footnotes":""},"categories":[109,47],"tags":[2082],"class_list":["post-22627","post","type-post","status-publish","format-standard","has-post-thumbnail","hentry","category-minuto-a-minuto","category-zona-gris","tag-antorcha-campesina-oaxaca"],"jetpack_featured_media_url":"https:\/\/zonaroja.com.mx\/wp-content\/uploads\/2021\/01\/Antorcha-Campesina-entrega-oficio.jpg","jetpack_sharing_enabled":true,"_links":{"self":[{"href":"https:\/\/zonaroja.com.mx\/index.php?rest_route=\/wp\/v2\/posts\/22627","targetHints":{"allow":["GET"]}}],"collection":[{"href":"https:\/\/zonaroja.com.mx\/index.php?rest_route=\/wp\/v2\/posts"}],"about":[{"href":"https:\/\/zonaroja.com.mx\/index.php?rest_route=\/wp\/v2\/types\/post"}],"author":[{"embeddable":true,"href":"https:\/\/zonaroja.com.mx\/index.php?rest_route=\/wp\/v2\/users\/2"}],"replies":[{"embeddable":true,"href":"https:\/\/zonaroja.com.mx\/index.php?rest_route=%2Fwp%2Fv2%2Fcomments&post=22627"}],"version-history":[{"count":1,"href":"https:\/\/zonaroja.com.mx\/index.php?rest_route=\/wp\/v2\/posts\/22627\/revisions"}],"predecessor-version":[{"id":22629,"href":"https:\/\/zonaroja.com.mx\/index.php?rest_route=\/wp\/v2\/posts\/22627\/revisions\/22629"}],"wp:featuredmedia":[{"embeddable":true,"href":"https:\/\/zonaroja.com.mx\/index.php?rest_route=\/wp\/v2\/media\/22628"}],"wp:attachment":[{"href":"https:\/\/zonaroja.com.mx\/index.php?rest_route=%2Fwp%2Fv2%2Fmedia&parent=22627"}],"wp:term":[{"taxonomy":"category","embeddable":true,"href":"https:\/\/zonaroja.com.mx\/index.php?rest_route=%2Fwp%2Fv2%2Fcategories&post=22627"},{"taxonomy":"post_tag","embeddable":true,"href":"https:\/\/zonaroja.com.mx\/index.php?rest_route=%2Fwp%2Fv2%2Ftags&post=22627"}],"curies":[{"name":"wp","href":"https:\/\/api.w.org\/{rel}","templated":true}]}}