{"id":22630,"date":"2021-01-20T18:25:14","date_gmt":"2021-01-21T00:25:14","guid":{"rendered":"http:\/\/www.zonaroja.com.mx\/?p=22630"},"modified":"2021-01-20T18:25:17","modified_gmt":"2021-01-21T00:25:17","slug":"en-el-sexenio-de-alejandro-murat-suman-18-feminicidios-en-la-canada","status":"publish","type":"post","link":"https:\/\/zonaroja.com.mx\/?p=22630","title":{"rendered":"En el sexenio de Alejandro Murat, suman 18 feminicidios en la Ca\u00f1ada"},"content":{"rendered":"\n<p>Redacci\u00f3n\/Zona Roja.<\/p>\n\n\n\n<p>Oaxaca de Ju\u00e1rez, Oax., 20 de enero 2021.- La diputada por Morena, Elisa Zepeda Lagunas, solicit\u00f3 a la Fiscal\u00eda General del Estado de Oaxaca recabar los datos de pruebas suficientes a efecto de lograr justicia por el feminicidio de la adolescente de 16 a\u00f1os de edad, registrado en la comunidad de San Isidro Zoqui\u00e1pam, municipio de San Lucas Zoqui\u00e1pam, el 18 de enero pasado, con lo que suman 18 casos en la regi\u00f3n Ca\u00f1ada, en el actual sexenio.<\/p>\n\n\n\n<p>La tambi\u00e9n presidenta de la Comisi\u00f3n de Administraci\u00f3n y Procuraci\u00f3n de Justicia de la 64 Legislatura local, dijo que la adolescente, quien era estudiante del Instituto de Estudios de Bachillerato de Oaxaca (IEBO), fue hallada sin vida con rastros de violencia f\u00edsica en la localidad de San Isidro Zoquiapan, agencia del municipio de San Lucas.<\/p>\n\n\n\n<p>Refiri\u00f3 que la violencia contra las mujeres contin\u00faa en incremento en la entidad oaxaque\u00f1a, pese a que existe una declaratoria de Alerta de Violencia de G\u00e9nero contra las Mujeres, \u201clas dependencias del Poder Ejecutivo en Oaxaca y la Fiscal\u00eda General nada han hecho para cambiar esta realidad lacerante\u201d, manifest\u00f3 la legisladora.<\/p>\n\n\n\n<p>La organizaci\u00f3n de la sociedad civil Consorcio para el di\u00e1logo parlamentario y la equidad Oaxaca\u201d A.C. registra hasta esta fecha, 495 feminicidios perpetrados durante el sexenio del gobernador Alejandro Murat Hinojosa, al que se le suma el suscitado el pasado lunes en la comunidad de San Isidro Zoquiapan.<\/p>\n","protected":false},"excerpt":{"rendered":"<p>Redacci\u00f3n\/Zona Roja. Oaxaca de Ju\u00e1rez, Oax., 20 de enero 2021.- La diputada por Morena, Elisa&hellip;<\/p>\n","protected":false},"author":2,"featured_media":22631,"comment_status":"closed","ping_status":"open","sticky":false,"template":"","format":"standard","meta":{"_lmt_disableupdate":"","_lmt_disable":"","_jetpack_memberships_contains_paid_content":false,"footnotes":""},"categories":[47],"tags":[215],"class_list":["post-22630","post","type-post","status-publish","format-standard","has-post-thumbnail","hentry","category-zona-gris","tag-elisa-zepeda-lagunas"],"jetpack_featured_media_url":"https:\/\/zonaroja.com.mx\/wp-content\/uploads\/2021\/01\/Elisa-Zepeda-feminicidios.png","jetpack_sharing_enabled":true,"_links":{"self":[{"href":"https:\/\/zonaroja.com.mx\/index.php?rest_route=\/wp\/v2\/posts\/22630","targetHints":{"allow":["GET"]}}],"collection":[{"href":"https:\/\/zonaroja.com.mx\/index.php?rest_route=\/wp\/v2\/posts"}],"about":[{"href":"https:\/\/zonaroja.com.mx\/index.php?rest_route=\/wp\/v2\/types\/post"}],"author":[{"embeddable":true,"href":"https:\/\/zonaroja.com.mx\/index.php?rest_route=\/wp\/v2\/users\/2"}],"replies":[{"embeddable":true,"href":"https:\/\/zonaroja.com.mx\/index.php?rest_route=%2Fwp%2Fv2%2Fcomments&post=22630"}],"version-history":[{"count":1,"href":"https:\/\/zonaroja.com.mx\/index.php?rest_route=\/wp\/v2\/posts\/22630\/revisions"}],"predecessor-version":[{"id":22632,"href":"https:\/\/zonaroja.com.mx\/index.php?rest_route=\/wp\/v2\/posts\/22630\/revisions\/22632"}],"wp:featuredmedia":[{"embeddable":true,"href":"https:\/\/zonaroja.com.mx\/index.php?rest_route=\/wp\/v2\/media\/22631"}],"wp:attachment":[{"href":"https:\/\/zonaroja.com.mx\/index.php?rest_route=%2Fwp%2Fv2%2Fmedia&parent=22630"}],"wp:term":[{"taxonomy":"category","embeddable":true,"href":"https:\/\/zonaroja.com.mx\/index.php?rest_route=%2Fwp%2Fv2%2Fcategories&post=22630"},{"taxonomy":"post_tag","embeddable":true,"href":"https:\/\/zonaroja.com.mx\/index.php?rest_route=%2Fwp%2Fv2%2Ftags&post=22630"}],"curies":[{"name":"wp","href":"https:\/\/api.w.org\/{rel}","templated":true}]}}