{"id":22633,"date":"2021-01-20T19:22:11","date_gmt":"2021-01-21T01:22:11","guid":{"rendered":"http:\/\/www.zonaroja.com.mx\/?p=22633"},"modified":"2021-01-20T19:22:14","modified_gmt":"2021-01-21T01:22:14","slug":"premian-a-ganadores-de-ensayos-para-revista-voces-de-mi-tierra-de-la-sepia","status":"publish","type":"post","link":"https:\/\/zonaroja.com.mx\/?p=22633","title":{"rendered":"Premian a ganadores de ensayos para revista \u201cVoces de mi Tierra\u201d, de la Sepia"},"content":{"rendered":"\n<p>Redacci\u00f3n\/Zona Roja.<\/p>\n\n\n\n<p>Oaxaca de Ju\u00e1rez, Oax., 20 de enero de 2021.- La titular de la Secretar\u00eda de Pueblos Ind\u00edgenas y Afromexicano (Sepia), Eufrosina Cruz Mendoza, entreg\u00f3 hoy los premios a j\u00f3venes oaxaque\u00f1os que participaron en la primera edici\u00f3n de la revista \u201cVoces de mi Tierra\u201d.<\/p>\n\n\n\n<p>Los tres finalistas escribieron ensayos cient\u00edficos en los que abordaron temas sobre las comunidades ind\u00edgenas y afromexicana de la entidad.<\/p>\n\n\n\n<p>El primer lugar lo obtuvo Jonathan Samario, estudiante de la licenciatura en Econom\u00eda en la Universidad del Mar, con el tema \u201cLa discriminaci\u00f3n como factor causante de la desigualdad en el ingreso de la poblaci\u00f3n ind\u00edgena\u201d, quien recibi\u00f3 una laptop por parte de la Sepia.<\/p>\n\n\n\n<p>El acreedor al segundo lugar fue el joven oriundo de San Andr\u00e9s Paxtl\u00e1n, Miguel \u00c1ngel Garc\u00eda, quien actualmente cursa la licenciatura en Administraci\u00f3n P\u00fablica en la Universidad de la Sierra Sur, y particip\u00f3 con el ensayo \u201cLas tecnolog\u00edas de la informaci\u00f3n y comunicaci\u00f3n y de los pueblos ind\u00edgenas de la Sierra Sur del estado de Oaxaca \u00bfUna forma de exclusi\u00f3n social?\u201d; como reconocimiento, recibi\u00f3 una Ipad.<\/p>\n\n\n\n<p>La joven Elvira M\u00e1rquez de la comunidad de Santo Tom\u00e1s Tamazul\u00e1pam fue la ganadora de una tableta, al obtener el tercer lugar con el ensayo \u201cLenguas ind\u00edgenas, un patrimonio de la humanidad en riesgo de desaparecer\u201d, quien es estudiante de la maestr\u00eda en Planeaci\u00f3n Estrat\u00e9gica Municipal en la Universidad de la Sierra Sur.<\/p>\n\n\n\n<p>Cabe se\u00f1alar que esta primera edici\u00f3n de \u201cVoces de mi Tierra\u201d reuni\u00f3 ensayos de 10 j\u00f3venes ind\u00edgenas y afromexicanos, contemplando tem\u00e1ticas como tecnolog\u00eda y pueblos ind\u00edgenas, medicina tradicional, cultura, derechos humanos, formas de organizaci\u00f3n y derechos de los pueblos y comunidades ind\u00edgenas y afromexicanas, estudios de g\u00e9nero y diversidad.<\/p>\n","protected":false},"excerpt":{"rendered":"<p>Redacci\u00f3n\/Zona Roja. Oaxaca de Ju\u00e1rez, Oax., 20 de enero de 2021.- La titular de la&hellip;<\/p>\n","protected":false},"author":2,"featured_media":22634,"comment_status":"closed","ping_status":"open","sticky":false,"template":"","format":"standard","meta":{"_lmt_disableupdate":"","_lmt_disable":"","_jetpack_memberships_contains_paid_content":false,"footnotes":""},"categories":[109,46],"tags":[2175],"class_list":["post-22633","post","type-post","status-publish","format-standard","has-post-thumbnail","hentry","category-minuto-a-minuto","category-zona-blanca","tag-eufrosina-cruz-mendoza"],"jetpack_featured_media_url":"https:\/\/zonaroja.com.mx\/wp-content\/uploads\/2021\/01\/4-3.jpg","jetpack_sharing_enabled":true,"_links":{"self":[{"href":"https:\/\/zonaroja.com.mx\/index.php?rest_route=\/wp\/v2\/posts\/22633","targetHints":{"allow":["GET"]}}],"collection":[{"href":"https:\/\/zonaroja.com.mx\/index.php?rest_route=\/wp\/v2\/posts"}],"about":[{"href":"https:\/\/zonaroja.com.mx\/index.php?rest_route=\/wp\/v2\/types\/post"}],"author":[{"embeddable":true,"href":"https:\/\/zonaroja.com.mx\/index.php?rest_route=\/wp\/v2\/users\/2"}],"replies":[{"embeddable":true,"href":"https:\/\/zonaroja.com.mx\/index.php?rest_route=%2Fwp%2Fv2%2Fcomments&post=22633"}],"version-history":[{"count":1,"href":"https:\/\/zonaroja.com.mx\/index.php?rest_route=\/wp\/v2\/posts\/22633\/revisions"}],"predecessor-version":[{"id":22635,"href":"https:\/\/zonaroja.com.mx\/index.php?rest_route=\/wp\/v2\/posts\/22633\/revisions\/22635"}],"wp:featuredmedia":[{"embeddable":true,"href":"https:\/\/zonaroja.com.mx\/index.php?rest_route=\/wp\/v2\/media\/22634"}],"wp:attachment":[{"href":"https:\/\/zonaroja.com.mx\/index.php?rest_route=%2Fwp%2Fv2%2Fmedia&parent=22633"}],"wp:term":[{"taxonomy":"category","embeddable":true,"href":"https:\/\/zonaroja.com.mx\/index.php?rest_route=%2Fwp%2Fv2%2Fcategories&post=22633"},{"taxonomy":"post_tag","embeddable":true,"href":"https:\/\/zonaroja.com.mx\/index.php?rest_route=%2Fwp%2Fv2%2Ftags&post=22633"}],"curies":[{"name":"wp","href":"https:\/\/api.w.org\/{rel}","templated":true}]}}