{"id":22636,"date":"2021-01-20T21:12:09","date_gmt":"2021-01-21T03:12:09","guid":{"rendered":"http:\/\/www.zonaroja.com.mx\/?p=22636"},"modified":"2021-01-20T21:12:22","modified_gmt":"2021-01-21T03:12:22","slug":"legislador-demanda-declaratoria-de-semaforo-rojo-para-oaxaca-por-alza-en-covid-19","status":"publish","type":"post","link":"https:\/\/zonaroja.com.mx\/?p=22636","title":{"rendered":"Legislador demanda declaratoria de sem\u00e1foro rojo para Oaxaca, por alza en Covid-19"},"content":{"rendered":"\n<p>Yuridiana Sosa\/Zona Roja.<\/p>\n\n\n\n<p>Oaxaca de Ju\u00e1rez, Oax., 20 de enero de 2021.- El acelerado crecimiento de casos Covid-19 en la entidad merece la inmediata y urgente declaraci\u00f3n del sem\u00e1foro epidemiol\u00f3gico en color rojo para Oaxaca, propuso el diputado C\u00e9sar Morales Ni\u00f1o ante el pleno de la 64 Legislatura del Congreso local.<\/p>\n\n\n\n<p>En sesi\u00f3n ordinaria de este mi\u00e9rcoles, que se realiz\u00f3 de manera virtual, el diputado por el Partido del Trabajo present\u00f3 la propuesta para exhortar al titular del Poder Ejecutivo, Alejandro Ismael Murat Hinojosa, para que declare, como se\u00f1al de m\u00e1ximo riesgo de contagio, el color rojo en el sem\u00e1foro establecido por la Secretar\u00eda de Salud en la contingencia, pues el actual marca color naranja.<\/p>\n\n\n\n<p>El exhorto tambi\u00e9n est\u00e1 dirigido para el secretario de Salud, Juan Carlos M\u00e1rquez Heine, para que publique el plan de contingencia escalonado en las principales ciudades de Oaxaca, el cual ayudar\u00e1 a reducir la alta incidencia de contagios, indic\u00f3.<\/p>\n\n\n\n<p>Morales Ni\u00f1o record\u00f3 que el pasado 16 de enero se rebas\u00f3 el r\u00e9cord de contagios y fallecimientos, con m\u00e1s de mil 300 casos positivos y 17 muertos a consecuencia del virus de Covid-19.<\/p>\n\n\n\n<p>\u201cHa existido un desastroso manejo del gobierno estatal de esta contingencia, no se han adoptado las medidas suficientes, no se han difundido medidas eficaces de concientizaci\u00f3n a la poblaci\u00f3n\u201d, expres\u00f3 el diputado por la crisis que atraviesa el estado en una segunda ola de contagios.<\/p>\n\n\n\n<p>El legislador tambi\u00e9n se\u00f1al\u00f3 que el gobierno estatal \u201cno ha adoptado medidas extraordinarias para evitar la saturaci\u00f3n de hospitales, no se ha tenido un plan de contingencia para que el personal que labora en las distintas \u00e1reas del sector salud no se sature f\u00edsicamente por la carga de trabajo y horarios que ha provocado la pandemia\u201d.<\/p>\n\n\n\n<p>Frente a este escenario, C\u00e9sar Morales indic\u00f3 que el cambio de color en el sem\u00e1foro se realice \u201cpor \u00e9tica y conciencia p\u00fablica\u201d por parte de Murat Hinojosa y M\u00e1rquez Heine a fin de salvar la vida de la poblaci\u00f3n y evitar una cat\u00e1strofe en el sector salud. La propuesta fue turnada a las comisiones correspondientes para su an\u00e1lisis.<\/p>\n","protected":false},"excerpt":{"rendered":"<p>Yuridiana Sosa\/Zona Roja. Oaxaca de Ju\u00e1rez, Oax., 20 de enero de 2021.- El acelerado crecimiento&hellip;<\/p>\n","protected":false},"author":2,"featured_media":22637,"comment_status":"closed","ping_status":"open","sticky":false,"template":"","format":"standard","meta":{"_lmt_disableupdate":"","_lmt_disable":"","_jetpack_memberships_contains_paid_content":false,"footnotes":""},"categories":[109,46],"tags":[612],"class_list":["post-22636","post","type-post","status-publish","format-standard","has-post-thumbnail","hentry","category-minuto-a-minuto","category-zona-blanca","tag-cesar-morales-nino"],"jetpack_featured_media_url":"https:\/\/zonaroja.com.mx\/wp-content\/uploads\/2021\/01\/Cesar-Morales.jpg","jetpack_sharing_enabled":true,"_links":{"self":[{"href":"https:\/\/zonaroja.com.mx\/index.php?rest_route=\/wp\/v2\/posts\/22636","targetHints":{"allow":["GET"]}}],"collection":[{"href":"https:\/\/zonaroja.com.mx\/index.php?rest_route=\/wp\/v2\/posts"}],"about":[{"href":"https:\/\/zonaroja.com.mx\/index.php?rest_route=\/wp\/v2\/types\/post"}],"author":[{"embeddable":true,"href":"https:\/\/zonaroja.com.mx\/index.php?rest_route=\/wp\/v2\/users\/2"}],"replies":[{"embeddable":true,"href":"https:\/\/zonaroja.com.mx\/index.php?rest_route=%2Fwp%2Fv2%2Fcomments&post=22636"}],"version-history":[{"count":2,"href":"https:\/\/zonaroja.com.mx\/index.php?rest_route=\/wp\/v2\/posts\/22636\/revisions"}],"predecessor-version":[{"id":22639,"href":"https:\/\/zonaroja.com.mx\/index.php?rest_route=\/wp\/v2\/posts\/22636\/revisions\/22639"}],"wp:featuredmedia":[{"embeddable":true,"href":"https:\/\/zonaroja.com.mx\/index.php?rest_route=\/wp\/v2\/media\/22637"}],"wp:attachment":[{"href":"https:\/\/zonaroja.com.mx\/index.php?rest_route=%2Fwp%2Fv2%2Fmedia&parent=22636"}],"wp:term":[{"taxonomy":"category","embeddable":true,"href":"https:\/\/zonaroja.com.mx\/index.php?rest_route=%2Fwp%2Fv2%2Fcategories&post=22636"},{"taxonomy":"post_tag","embeddable":true,"href":"https:\/\/zonaroja.com.mx\/index.php?rest_route=%2Fwp%2Fv2%2Ftags&post=22636"}],"curies":[{"name":"wp","href":"https:\/\/api.w.org\/{rel}","templated":true}]}}