{"id":22642,"date":"2021-01-20T22:12:47","date_gmt":"2021-01-21T04:12:47","guid":{"rendered":"http:\/\/www.zonaroja.com.mx\/?p=22642"},"modified":"2021-01-20T22:12:54","modified_gmt":"2021-01-21T04:12:54","slug":"congreso-de-oaxaca-exhorta-murat-hinojosa-a-designar-funcionarios-oaxaquenos","status":"publish","type":"post","link":"https:\/\/zonaroja.com.mx\/?p=22642","title":{"rendered":"Congreso de Oaxaca exhorta Murat Hinojosa a designar funcionarios oaxaque\u00f1os"},"content":{"rendered":"\n<p>Yuridiana Sosa\/Zona Roja.<\/p>\n\n\n\n<p>Oaxaca de Ju\u00e1rez, Oax., 20 de enero de 2021.- Tras la renuncia de al menos siete funcionarios del gabinete estatal, para postularse a cargos de elecci\u00f3n popular, y la designaci\u00f3n de un originario del Estado de M\u00e9xico como titular de los Servicios de Salud de Oaxaca (SSO), el Congreso del Estado exhort\u00f3 al gobernador Alejandro Murat a designar a oriundos de la entidad en los cargos que queden vacantes.<\/p>\n\n\n\n<p>La propuesta, por parte de la fracci\u00f3n parlamentaria del Partido Morena, deriv\u00f3 del nombramiento \u00a0Juan Carlos M\u00e1rquez Heine, ajeno a la entidad, en los SSO, y por posibles cambios que se registren.<\/p>\n\n\n\n<p>El Punto de Acuerdo fue aprobado de urgente y obvia resoluci\u00f3n con 35 votos durante la sesi\u00f3n ordinaria de manera virtual realizada este mi\u00e9rcoles.<\/p>\n\n\n\n<p>El diputado Horacio Sosa Villavicencio expuso que el Gobernador del Estado, en el transcurso de su sexenio, ha integrado su gabinete con personas que viene a experimentar a Oaxaca un primer cargo p\u00fablico, adem\u00e1s que son principalmente del Estado de M\u00e9xico, en donde lo acompa\u00f1aron en funciones cuando era titular del Infonavit.<\/p>\n\n\n\n<p>En el caso de M\u00e1rquez Heine, dijo, no existe mayor informaci\u00f3n sobre su trayectoria, antes de fungir como subdirector y director de los SSO; s\u00f3lo conocen que es m\u00e9dico, es for\u00e1neo y estuvo al frente del Seguro Popular.<\/p>\n\n\n\n<p>Motivo por el que demandaron al gobernador que ante los ajustes a su gabinete, \u201clos realice preferentemente entre personas del estado de Oaxaca, garantizando que tenga no s\u00f3lo las capacidades t\u00e9cnicas en la materia que se les asigne, sino tambi\u00e9n amplios conocimientos sobre el contexto de la vida social, polic\u00eda y cultural de Oaxaca, con el fin de que est\u00e9n en posibilidad de cumplir con los altos mandatos que se le encomienda\u201d.<\/p>\n","protected":false},"excerpt":{"rendered":"<p>Yuridiana Sosa\/Zona Roja. Oaxaca de Ju\u00e1rez, Oax., 20 de enero de 2021.- Tras la renuncia&hellip;<\/p>\n","protected":false},"author":2,"featured_media":19380,"comment_status":"closed","ping_status":"open","sticky":false,"template":"","format":"standard","meta":{"_lmt_disableupdate":"","_lmt_disable":"","_jetpack_memberships_contains_paid_content":false,"footnotes":""},"categories":[109,47],"tags":[444],"class_list":["post-22642","post","type-post","status-publish","format-standard","has-post-thumbnail","hentry","category-minuto-a-minuto","category-zona-gris","tag-horacio-sosa-villavicencio"],"jetpack_featured_media_url":"https:\/\/zonaroja.com.mx\/wp-content\/uploads\/2020\/10\/FOTO-1-Congresista-Horacio-Sosa-Villavicencio.jpg","jetpack_sharing_enabled":true,"_links":{"self":[{"href":"https:\/\/zonaroja.com.mx\/index.php?rest_route=\/wp\/v2\/posts\/22642","targetHints":{"allow":["GET"]}}],"collection":[{"href":"https:\/\/zonaroja.com.mx\/index.php?rest_route=\/wp\/v2\/posts"}],"about":[{"href":"https:\/\/zonaroja.com.mx\/index.php?rest_route=\/wp\/v2\/types\/post"}],"author":[{"embeddable":true,"href":"https:\/\/zonaroja.com.mx\/index.php?rest_route=\/wp\/v2\/users\/2"}],"replies":[{"embeddable":true,"href":"https:\/\/zonaroja.com.mx\/index.php?rest_route=%2Fwp%2Fv2%2Fcomments&post=22642"}],"version-history":[{"count":1,"href":"https:\/\/zonaroja.com.mx\/index.php?rest_route=\/wp\/v2\/posts\/22642\/revisions"}],"predecessor-version":[{"id":22643,"href":"https:\/\/zonaroja.com.mx\/index.php?rest_route=\/wp\/v2\/posts\/22642\/revisions\/22643"}],"wp:featuredmedia":[{"embeddable":true,"href":"https:\/\/zonaroja.com.mx\/index.php?rest_route=\/wp\/v2\/media\/19380"}],"wp:attachment":[{"href":"https:\/\/zonaroja.com.mx\/index.php?rest_route=%2Fwp%2Fv2%2Fmedia&parent=22642"}],"wp:term":[{"taxonomy":"category","embeddable":true,"href":"https:\/\/zonaroja.com.mx\/index.php?rest_route=%2Fwp%2Fv2%2Fcategories&post=22642"},{"taxonomy":"post_tag","embeddable":true,"href":"https:\/\/zonaroja.com.mx\/index.php?rest_route=%2Fwp%2Fv2%2Ftags&post=22642"}],"curies":[{"name":"wp","href":"https:\/\/api.w.org\/{rel}","templated":true}]}}