{"id":22644,"date":"2021-01-20T22:35:17","date_gmt":"2021-01-21T04:35:17","guid":{"rendered":"http:\/\/www.zonaroja.com.mx\/?p=22644"},"modified":"2021-01-20T22:35:21","modified_gmt":"2021-01-21T04:35:21","slug":"ejecutan-a-un-individuo-en-un-mototaxi-en-juchitan-es-de-la-familia-teran","status":"publish","type":"post","link":"https:\/\/zonaroja.com.mx\/?p=22644","title":{"rendered":"Ejecutan a un individuo en un mototaxi en Juchit\u00e1n; es de la familia Ter\u00e1n"},"content":{"rendered":"\n<p>Redacci\u00f3n\/Zona Roja. Foto: 50 Bravo<\/p>\n\n\n\n<p>Oaxaca de Ju\u00e1rez, Oax., 20 de enero de 2021.- A la luz del d\u00eda, una persona del sexo masculino fue ejecutada la tarde de este mi\u00e9rcoles en el interior de un mototaxi en Juchit\u00e1n de Zaragoza, Oaxaca.<\/p>\n\n\n\n<p>Los hechos sucedieron en la avenida Allende esquina calle Ferrocarril de la Cuarta Secci\u00f3n, en que sujetos armados acribillaron al individuo en el interior de la unidad de motor del sitio \u201cCalvario\u201d.<\/p>\n\n\n\n<p>La v\u00edctima muri\u00f3 en el lugar y fue identificada como Ricardo Regalado Ter\u00e1n, conocido como \u201cPercha\u201d, y seg\u00fan los primeros informes policiacos municipales, es miembro de la familia de los Ter\u00e1n,.<\/p>\n\n\n\n<p>Los familiares arribaron al sitio para llevarse de inmediato el cuerpo, antes de que personal de la Vicefiscal\u00eda Regional del Istmo realizara sus primeras indagatorias.<\/p>\n","protected":false},"excerpt":{"rendered":"<p>Redacci\u00f3n\/Zona Roja. Foto: 50 Bravo Oaxaca de Ju\u00e1rez, Oax., 20 de enero de 2021.- A&hellip;<\/p>\n","protected":false},"author":2,"featured_media":22645,"comment_status":"closed","ping_status":"open","sticky":false,"template":"","format":"standard","meta":{"_lmt_disableupdate":"","_lmt_disable":"","_jetpack_memberships_contains_paid_content":false,"footnotes":""},"categories":[109,51],"tags":[123],"class_list":["post-22644","post","type-post","status-publish","format-standard","has-post-thumbnail","hentry","category-minuto-a-minuto","category-zona-roja","tag-juchitan-de-zaragoza"],"jetpack_featured_media_url":"https:\/\/zonaroja.com.mx\/wp-content\/uploads\/2021\/01\/Ejecutado-Juchitan.jpg","jetpack_sharing_enabled":true,"_links":{"self":[{"href":"https:\/\/zonaroja.com.mx\/index.php?rest_route=\/wp\/v2\/posts\/22644","targetHints":{"allow":["GET"]}}],"collection":[{"href":"https:\/\/zonaroja.com.mx\/index.php?rest_route=\/wp\/v2\/posts"}],"about":[{"href":"https:\/\/zonaroja.com.mx\/index.php?rest_route=\/wp\/v2\/types\/post"}],"author":[{"embeddable":true,"href":"https:\/\/zonaroja.com.mx\/index.php?rest_route=\/wp\/v2\/users\/2"}],"replies":[{"embeddable":true,"href":"https:\/\/zonaroja.com.mx\/index.php?rest_route=%2Fwp%2Fv2%2Fcomments&post=22644"}],"version-history":[{"count":1,"href":"https:\/\/zonaroja.com.mx\/index.php?rest_route=\/wp\/v2\/posts\/22644\/revisions"}],"predecessor-version":[{"id":22646,"href":"https:\/\/zonaroja.com.mx\/index.php?rest_route=\/wp\/v2\/posts\/22644\/revisions\/22646"}],"wp:featuredmedia":[{"embeddable":true,"href":"https:\/\/zonaroja.com.mx\/index.php?rest_route=\/wp\/v2\/media\/22645"}],"wp:attachment":[{"href":"https:\/\/zonaroja.com.mx\/index.php?rest_route=%2Fwp%2Fv2%2Fmedia&parent=22644"}],"wp:term":[{"taxonomy":"category","embeddable":true,"href":"https:\/\/zonaroja.com.mx\/index.php?rest_route=%2Fwp%2Fv2%2Fcategories&post=22644"},{"taxonomy":"post_tag","embeddable":true,"href":"https:\/\/zonaroja.com.mx\/index.php?rest_route=%2Fwp%2Fv2%2Ftags&post=22644"}],"curies":[{"name":"wp","href":"https:\/\/api.w.org\/{rel}","templated":true}]}}