{"id":22653,"date":"2021-01-21T08:06:00","date_gmt":"2021-01-21T14:06:00","guid":{"rendered":"http:\/\/www.zonaroja.com.mx\/?p=22653"},"modified":"2021-01-21T08:06:03","modified_gmt":"2021-01-21T14:06:03","slug":"ante-crimenes-y-violencia-urge-congreso-de-oaxaca-mesa-de-paz-en-zona-triqui","status":"publish","type":"post","link":"https:\/\/zonaroja.com.mx\/?p=22653","title":{"rendered":"Ante cr\u00edmenes y violencia, urge Congreso de Oaxaca mesa de paz en zona Triqui"},"content":{"rendered":"\n<p>Redacci\u00f3n\/Yuridiana Sosa\/Zona Roja.<\/p>\n\n\n\n<p>Oaxaca de Ju\u00e1rez, Oax., 21 de enero de 2021.- La 64 Legislatura del Estado de Oaxaca urgi\u00f3 a los gobiernos federal y estatal, as\u00ed como a organismos de derechos humanos, a instalar de manera urgente una mesa de paz para la zona Triqui y evitar hechos de violencia en la regi\u00f3n.<\/p>\n\n\n\n<p>La demanda parlamentaria precisa la necesidad de evitar un derramamiento de sangre en la Mixteca oaxaque\u00f1a, mediante la conformaci\u00f3n de una mesa de trabajo conjunta, en la cual se establezcan los acuerdos necesarios para alcanzar la paz entre las hermanas y hermanos triquis.<\/p>\n\n\n\n<p>Asimismo, la representaci\u00f3n popular consider\u00f3 oportuna la colaboraci\u00f3n de la Comisi\u00f3n Nacional de Derechos Humanos (CNDH) y de la Comisi\u00f3n Internacional de Derechos Humanos (CIDH), para que se puedan agilizar los acuerdos necesarios.<\/p>\n\n\n\n<p>En la propuesta, aprobada durante la sesi\u00f3n virtual de este mi\u00e9rcoles, se destaca el compromiso del Gobierno de la Rep\u00fablica, al mencionar su inter\u00e9s para que se alcance un acuerdo de paz en la zona Triqui, adem\u00e1s del apoyo necesario hacia los pueblos originarios.<\/p>\n\n\n\n<p>LUNES, COMPARECENCIAS<\/p>\n\n\n\n<p>Por otra parte, la 64 legislatura aprob\u00f3 el calendario para las comparecencias de servidores p\u00fablicos del gobierno de Oaxaca por la glosa del cuarto informe de gobierno de Alejandro Murat Hinojosa.<\/p>\n\n\n\n<p>En sesi\u00f3n ordinaria de este mi\u00e9rcoles, los legisladores votaron el orden de participaci\u00f3n, as\u00ed como definieron los tiempos de participaci\u00f3n de funcionarios y diputados para realizar los cuestionamientos.<\/p>\n\n\n\n<p>La jornada de comparecencias la iniciar\u00e1 el titular de los Servicios de Salud de Oaxaca, Juan Carlos M\u00e1rquez Heine, el martes 26 a las 10:00 horas y por la tarde, a las 14:00 horas, el director general&nbsp; del Instituto Estatal de Educaci\u00f3n P\u00fablica de Oaxaca (IEEPO), Francisco \u00c1ngel Villarreal.<\/p>\n\n\n\n<p>El 27 de enero se program\u00f3 el desglose para el secretario de Desarrollo Agropecuario, Pesca y Acuacultura (Sedapa), Gabriel Cu\u00e9 Navarro, y para el secretario General de Gobierno (Segego), Francisco Javier Garc\u00eda, con los mismos horarios que los primeros funcionarios.<\/p>\n\n\n\n<p>La comparecencia del secretario de Seguridad P\u00fablica, Ernesto Salcedo qued\u00f3 programada el 28 de enero, al igual que para el titular de la Secretar\u00eda de las Infraestructuras, Desarrollo y Ordenamiento Territorial (Sinfra), Javier Lazcano Vargas.<\/p>\n\n\n\n<p>Se aprob\u00f3 para el 1 de febrero la comparecencia del titular de la Secretar\u00eda de Movilidad, Mariana Nassar y de la secretaria de las Artes y Culturas de Oaxaca, Karla Ver\u00f3nica Villaca\u00f1a Quevedo.<\/p>\n\n\n\n<p>Para el 2 de febrero corresponde a la Secretar\u00eda de Bienestar del Estado y la Secretar\u00eda de los Pueblos Ind\u00edgenas y Afromexicanos; el 3 de febrero, la Secretar\u00eda de Finanzas y a la Secretar\u00eda de Administraci\u00f3n.<\/p>\n\n\n\n<p>El 4 de febrero se espera la participaci\u00f3n de la Secretar\u00eda de la Contralor\u00eda y Transparencia Gubernamental y la Secretar\u00eda de Econom\u00eda; el 8 de febrero para la Secretar\u00eda de Turismo y la Secretar\u00eda de la Mujer Oaxaque\u00f1a.<\/p>\n\n\n\n<p>El&nbsp; 9 de febrero, la Secretar\u00eda del Medio Ambiente, Energ\u00edas y Desarrollo Sustentable y el Instituto Oaxaque\u00f1o Constructor de Infraestructura F\u00edsica Educativa. Mientras que el d\u00eda 10 de febrero cierra el ciclo de comparecencias a la Coordinaci\u00f3n Estatal de Protecci\u00f3n Civil y Caminos y Aeropistas de Oaxaca.<\/p>\n","protected":false},"excerpt":{"rendered":"<p>Redacci\u00f3n\/Yuridiana Sosa\/Zona Roja. Oaxaca de Ju\u00e1rez, Oax., 21 de enero de 2021.- La 64 Legislatura&hellip;<\/p>\n","protected":false},"author":2,"featured_media":22654,"comment_status":"closed","ping_status":"open","sticky":false,"template":"","format":"standard","meta":{"_lmt_disableupdate":"","_lmt_disable":"","_jetpack_memberships_contains_paid_content":false,"footnotes":""},"categories":[109,47],"tags":[213],"class_list":["post-22653","post","type-post","status-publish","format-standard","has-post-thumbnail","hentry","category-minuto-a-minuto","category-zona-gris","tag-64-legislatura-de-oaxaca"],"jetpack_featured_media_url":"https:\/\/zonaroja.com.mx\/wp-content\/uploads\/2021\/01\/Triquis-Copala.jpg","jetpack_sharing_enabled":true,"_links":{"self":[{"href":"https:\/\/zonaroja.com.mx\/index.php?rest_route=\/wp\/v2\/posts\/22653","targetHints":{"allow":["GET"]}}],"collection":[{"href":"https:\/\/zonaroja.com.mx\/index.php?rest_route=\/wp\/v2\/posts"}],"about":[{"href":"https:\/\/zonaroja.com.mx\/index.php?rest_route=\/wp\/v2\/types\/post"}],"author":[{"embeddable":true,"href":"https:\/\/zonaroja.com.mx\/index.php?rest_route=\/wp\/v2\/users\/2"}],"replies":[{"embeddable":true,"href":"https:\/\/zonaroja.com.mx\/index.php?rest_route=%2Fwp%2Fv2%2Fcomments&post=22653"}],"version-history":[{"count":1,"href":"https:\/\/zonaroja.com.mx\/index.php?rest_route=\/wp\/v2\/posts\/22653\/revisions"}],"predecessor-version":[{"id":22655,"href":"https:\/\/zonaroja.com.mx\/index.php?rest_route=\/wp\/v2\/posts\/22653\/revisions\/22655"}],"wp:featuredmedia":[{"embeddable":true,"href":"https:\/\/zonaroja.com.mx\/index.php?rest_route=\/wp\/v2\/media\/22654"}],"wp:attachment":[{"href":"https:\/\/zonaroja.com.mx\/index.php?rest_route=%2Fwp%2Fv2%2Fmedia&parent=22653"}],"wp:term":[{"taxonomy":"category","embeddable":true,"href":"https:\/\/zonaroja.com.mx\/index.php?rest_route=%2Fwp%2Fv2%2Fcategories&post=22653"},{"taxonomy":"post_tag","embeddable":true,"href":"https:\/\/zonaroja.com.mx\/index.php?rest_route=%2Fwp%2Fv2%2Ftags&post=22653"}],"curies":[{"name":"wp","href":"https:\/\/api.w.org\/{rel}","templated":true}]}}