{"id":22656,"date":"2021-01-21T08:12:55","date_gmt":"2021-01-21T14:12:55","guid":{"rendered":"http:\/\/www.zonaroja.com.mx\/?p=22656"},"modified":"2021-01-21T08:12:57","modified_gmt":"2021-01-21T14:12:57","slug":"delito-creciente-e-impunidad-en-agresion-a-defensores-de-derechos-humanos","status":"publish","type":"post","link":"https:\/\/zonaroja.com.mx\/?p=22656","title":{"rendered":"Delito creciente e impunidad, en agresi\u00f3n a defensores de derechos humanos"},"content":{"rendered":"\n<p>Redacci\u00f3n\/Zona Roja.<\/p>\n\n\n\n<p>Oaxaca de Ju\u00e1rez, Oax., 21 de enero 2021.- El defensor de derechos humanos e integrante de la organizaci\u00f3n Comuna Oaxaca, C\u00e9sar Mateos Ben\u00edtez, se\u00f1al\u00f3 que el Estado oaxaque\u00f1o&nbsp; mantiene una deuda hist\u00f3rica con la protecci\u00f3n de la vida y la seguridad de las personas defensoras de los derechos humanos.<\/p>\n\n\n\n<p>Lo anterior, al dar a conocer que durante el 2020, seis de las 14 agresiones a las personas defensoras en M\u00e9xico fueron en Oaxaca.<\/p>\n\n\n\n<p>Mateos Ben\u00edtez refiri\u00f3 que entre las principales causas que defend\u00edan estas personas se encontraban el derecho a un medio ambiente sano, el derecho al territorio y la protecci\u00f3n de los derechos humanos de otras personas.<\/p>\n\n\n\n<p>Agreg\u00f3 que el 65 por ciento de estas agresiones fueron a personas defensoras de comunidades ind\u00edgenas.<\/p>\n\n\n\n<p>\u201cEs preocupante porque Oaxaca es un estado plural en donde no se est\u00e1n respetando las luchas locales que se gestan desde las comunidades\u201d, expres\u00f3.<\/p>\n\n\n\n<p>El integrante de Comuna Oaxaca y ex vocero de la Asamblea Popular de los Pueblos de Oaxaca (APPO), pidi\u00f3 a la sociedad oaxaque\u00f1a actuar con empat\u00eda y asumir las agresiones a las personas defensoras como heridas que se les provoca al pueblo, solicit\u00f3 al Estado dejar la simulaci\u00f3n y poner puntual atenci\u00f3n en estos cr\u00edmenes.<\/p>\n","protected":false},"excerpt":{"rendered":"<p>Redacci\u00f3n\/Zona Roja. Oaxaca de Ju\u00e1rez, Oax., 21 de enero 2021.- El defensor de derechos humanos&hellip;<\/p>\n","protected":false},"author":2,"featured_media":22657,"comment_status":"closed","ping_status":"open","sticky":false,"template":"","format":"standard","meta":{"_lmt_disableupdate":"","_lmt_disable":"","_jetpack_memberships_contains_paid_content":false,"footnotes":""},"categories":[109,46],"tags":[2387],"class_list":["post-22656","post","type-post","status-publish","format-standard","has-post-thumbnail","hentry","category-minuto-a-minuto","category-zona-blanca","tag-cesar-mateos-benitez"],"jetpack_featured_media_url":"https:\/\/zonaroja.com.mx\/wp-content\/uploads\/2021\/01\/Cesar-Mateos-Benites.jpg","jetpack_sharing_enabled":true,"_links":{"self":[{"href":"https:\/\/zonaroja.com.mx\/index.php?rest_route=\/wp\/v2\/posts\/22656","targetHints":{"allow":["GET"]}}],"collection":[{"href":"https:\/\/zonaroja.com.mx\/index.php?rest_route=\/wp\/v2\/posts"}],"about":[{"href":"https:\/\/zonaroja.com.mx\/index.php?rest_route=\/wp\/v2\/types\/post"}],"author":[{"embeddable":true,"href":"https:\/\/zonaroja.com.mx\/index.php?rest_route=\/wp\/v2\/users\/2"}],"replies":[{"embeddable":true,"href":"https:\/\/zonaroja.com.mx\/index.php?rest_route=%2Fwp%2Fv2%2Fcomments&post=22656"}],"version-history":[{"count":1,"href":"https:\/\/zonaroja.com.mx\/index.php?rest_route=\/wp\/v2\/posts\/22656\/revisions"}],"predecessor-version":[{"id":22658,"href":"https:\/\/zonaroja.com.mx\/index.php?rest_route=\/wp\/v2\/posts\/22656\/revisions\/22658"}],"wp:featuredmedia":[{"embeddable":true,"href":"https:\/\/zonaroja.com.mx\/index.php?rest_route=\/wp\/v2\/media\/22657"}],"wp:attachment":[{"href":"https:\/\/zonaroja.com.mx\/index.php?rest_route=%2Fwp%2Fv2%2Fmedia&parent=22656"}],"wp:term":[{"taxonomy":"category","embeddable":true,"href":"https:\/\/zonaroja.com.mx\/index.php?rest_route=%2Fwp%2Fv2%2Fcategories&post=22656"},{"taxonomy":"post_tag","embeddable":true,"href":"https:\/\/zonaroja.com.mx\/index.php?rest_route=%2Fwp%2Fv2%2Ftags&post=22656"}],"curies":[{"name":"wp","href":"https:\/\/api.w.org\/{rel}","templated":true}]}}