{"id":2266,"date":"2019-07-14T21:52:53","date_gmt":"2019-07-15T02:52:53","guid":{"rendered":"http:\/\/www.zonaroja.com.mx\/?p=2266"},"modified":"2019-07-14T21:52:55","modified_gmt":"2019-07-15T02:52:55","slug":"acepta-fiscalia-no-indagar-delitos-en-san-dionisio-manana-liberarian-a-retenidos","status":"publish","type":"post","link":"https:\/\/zonaroja.com.mx\/?p=2266","title":{"rendered":"Acepta Fiscal\u00eda no indagar delitos en San Dionisio; ma\u00f1ana liberar\u00edan a retenidos"},"content":{"rendered":"\n<p>Ismael\nGarc\u00eda M.<\/p>\n\n\n\n<p>Oaxaca de\nJu\u00e1rez, Oax., 14 de julio de 2019.- Este lunes se llevar\u00e1 a cabo en San\nDionisio Ocotepec una tercera mesa de di\u00e1logo entre Gobierno del Estado,\npobladores y autoridades, tras lo cual podr\u00edan ser liberadas las 16 personas\nretenidas desde hace ocho d\u00edas en dicha comunidad del distrito de Tlacolula.<\/p>\n\n\n\n<p>Lo anterior\ntras aceptar la autoridad estatal diversas condiciones, entre ellas que la\nFiscal\u00eda General del Estado no inicie ninguna Carpeta de Investigaci\u00f3n en\ncontra de los pobladores por la probable privaci\u00f3n ilegal de la libertad de\nciudadanos originarios de Veracruz, Chiapas y Oaxaca, presuntos trabajadores de\nuna empresa.<\/p>\n\n\n\n<p>Asimismo,\nobligar al empresario mezcalero Edy Monterrosa a firmar un acuerdo de paz y no\nagresi\u00f3n, y que \u00e9sta se d\u00e9 en la poblaci\u00f3n y no en un punto neutro.<\/p>\n\n\n\n<p>Ente otros\nacuerdos alcanzados desde el s\u00e1bado por la noche<\/p>\n\n\n\n<p>A la reuni\u00f3n\ndel fin de semana acudieron el delegado de Gobierno de Valles Centrales, Esa\u00fa\nL\u00f3pez, con uno m\u00e1s el subdelegado de Atenci\u00f3n Regional del distrito Tlacolula, Juan\nMichael Garc\u00eda Ju\u00e1rez.<\/p>\n\n\n\n<p>Asimismo, el\nabogado Eloy Duarte, en representaci\u00f3n de la Fiscal\u00eda General del Estado, quien\nacept\u00f3 que no habr\u00e1 represalias contra la poblaci\u00f3n de San Dionisio.<\/p>\n\n\n\n<p>El\nrepresentante de la Delegaci\u00f3n de Gobierno se comprometi\u00f3 a su vez a gestionar un\nencuentro de la comisi\u00f3n ciudadana con Edy Monterrosa en un punto neutro, para\nposteriormente acudir a San Dionisio a firmar el documento.<\/p>\n\n\n\n<p>Asimismo, a reparar los da\u00f1os ocasionados al medio ambiente en la zona del predio en disputa, que San Dionisio asegura es de su propiedad.<\/p>\n\n\n\n<p>Este lunes por la ma\u00f1ana se llevar\u00e1 a cabo otra reuni\u00f3n, aunque del tema de las armas de grueso calibre halladas a las personas retenidas, a\u00fan no se ha definido c\u00f3mo proceder\u00e1 la Fiscal\u00eda General del Estado.<\/p>\n","protected":false},"excerpt":{"rendered":"<p>Ismael Garc\u00eda M. Oaxaca de Ju\u00e1rez, Oax., 14 de julio de 2019.- Este lunes se&hellip;<\/p>\n","protected":false},"author":2,"featured_media":2267,"comment_status":"closed","ping_status":"open","sticky":false,"template":"","format":"standard","meta":{"_lmt_disableupdate":"","_lmt_disable":"","_jetpack_memberships_contains_paid_content":false,"footnotes":""},"categories":[109,47],"tags":[322],"class_list":["post-2266","post","type-post","status-publish","format-standard","has-post-thumbnail","hentry","category-minuto-a-minuto","category-zona-gris","tag-retenidos-san-dionisio-ocotepec"],"jetpack_featured_media_url":"https:\/\/zonaroja.com.mx\/wp-content\/uploads\/2019\/07\/IMG_9457.jpg","jetpack_sharing_enabled":true,"_links":{"self":[{"href":"https:\/\/zonaroja.com.mx\/index.php?rest_route=\/wp\/v2\/posts\/2266","targetHints":{"allow":["GET"]}}],"collection":[{"href":"https:\/\/zonaroja.com.mx\/index.php?rest_route=\/wp\/v2\/posts"}],"about":[{"href":"https:\/\/zonaroja.com.mx\/index.php?rest_route=\/wp\/v2\/types\/post"}],"author":[{"embeddable":true,"href":"https:\/\/zonaroja.com.mx\/index.php?rest_route=\/wp\/v2\/users\/2"}],"replies":[{"embeddable":true,"href":"https:\/\/zonaroja.com.mx\/index.php?rest_route=%2Fwp%2Fv2%2Fcomments&post=2266"}],"version-history":[{"count":1,"href":"https:\/\/zonaroja.com.mx\/index.php?rest_route=\/wp\/v2\/posts\/2266\/revisions"}],"predecessor-version":[{"id":2268,"href":"https:\/\/zonaroja.com.mx\/index.php?rest_route=\/wp\/v2\/posts\/2266\/revisions\/2268"}],"wp:featuredmedia":[{"embeddable":true,"href":"https:\/\/zonaroja.com.mx\/index.php?rest_route=\/wp\/v2\/media\/2267"}],"wp:attachment":[{"href":"https:\/\/zonaroja.com.mx\/index.php?rest_route=%2Fwp%2Fv2%2Fmedia&parent=2266"}],"wp:term":[{"taxonomy":"category","embeddable":true,"href":"https:\/\/zonaroja.com.mx\/index.php?rest_route=%2Fwp%2Fv2%2Fcategories&post=2266"},{"taxonomy":"post_tag","embeddable":true,"href":"https:\/\/zonaroja.com.mx\/index.php?rest_route=%2Fwp%2Fv2%2Ftags&post=2266"}],"curies":[{"name":"wp","href":"https:\/\/api.w.org\/{rel}","templated":true}]}}