{"id":22662,"date":"2021-01-21T10:28:36","date_gmt":"2021-01-21T16:28:36","guid":{"rendered":"http:\/\/www.zonaroja.com.mx\/?p=22662"},"modified":"2021-01-21T10:28:40","modified_gmt":"2021-01-21T16:28:40","slug":"fuerza-por-mexico-se-reune-con-artistas-plasticos-de-oaxaca","status":"publish","type":"post","link":"https:\/\/zonaroja.com.mx\/?p=22662","title":{"rendered":"Fuerza por M\u00e9xico se re\u00fane con artistas pl\u00e1sticos de Oaxaca"},"content":{"rendered":"\n<p>Redacci\u00f3n\/Zona Roja.<\/p>\n\n\n\n<p>Oaxaca de Ju\u00e1rez, Oax., 21 de enero de 2021.- El diputado Gerardo Islas Maldonado, presidente nacional del partido Fuerza por M\u00e9xico; Salom\u00e9 Mart\u00ednez Salazar, presidenta del Comit\u00e9 Directivo Estatal, y Manuel Carrasco, secretario de Cultura, Educaci\u00f3n y Deportes del partido en Oaxaca, sostuvieron un primer encuentro con artistas pl\u00e1sticos originarios y radicados en la entidad, para atender sus inquietudes y necesidades.<\/p>\n\n\n\n<p>\u201cOaxaca es s\u00edmbolo de cultura a nivel mundial; cuando hablas de M\u00e9xico, hablas de un oaxaque\u00f1o, una oaxaque\u00f1a. Hablar de pintura nos evoca al maestro Francisco Toledo y el legado art\u00edstico que dej\u00f3 a nuestro pa\u00eds\u201d, se\u00f1al\u00f3 el dirigente nacional.<\/p>\n\n\n\n<p>De ah\u00ed, resalt\u00f3 la importancia de seguir apoyando al talento que enorgullece tanto a M\u00e9xico. Y es que, dijo, creadores y creadoras de otros estados del pa\u00eds y de otros lugares del mundo, llegan a este estado a fortalecer su esp\u00edritu art\u00edstico y a encontrar la grandeza de la inspiraci\u00f3n, motivados por los mismos pintores y pintoras de Oaxaca.<\/p>\n\n\n\n<p>Por ello, el dirigente nacional de Fuerza por M\u00e9xico destac\u00f3 la labor de la presidenta del Comit\u00e9 Directivo Estatal, Salom\u00e9 Mart\u00ednez Salazar, quien se ha preocupado por impulsar el arte y la cultura, una de las principales columnas que sostienen a la entidad.<\/p>\n\n\n\n<p>De esta forma, Islas Maldonado extendi\u00f3 una invitaci\u00f3n a los y las representantes del arte, para que se sumen al partido y puedan abonar al desarrollo de talentos en el pa\u00eds y sigan gener\u00e1ndose espacios para las futuras generaciones.<\/p>\n\n\n\n<p>\u201cA m\u00ed me gustar\u00eda mucho que en los ayuntamientos y las diputaciones que est\u00e1n por jugarse haya un o una representante del arte. No es lo mismo que un diputado o diputada lleve una iniciativa para fortalecer presupuestos, inversi\u00f3n y fideicomisos del arte, a que alguien de ese rubro alce la mano en el Congreso para defenderlos y encausarlos para que se den clases a ni\u00f1os, ni\u00f1as y j\u00f3venes, y que en lugar que puedan irse por el mal camino, den pasos firmes y seguros por las v\u00edas del arte\u201d, expuso.<\/p>\n","protected":false},"excerpt":{"rendered":"<p>Redacci\u00f3n\/Zona Roja. Oaxaca de Ju\u00e1rez, Oax., 21 de enero de 2021.- El diputado Gerardo Islas&hellip;<\/p>\n","protected":false},"author":2,"featured_media":22663,"comment_status":"closed","ping_status":"open","sticky":false,"template":"","format":"standard","meta":{"_lmt_disableupdate":"","_lmt_disable":"","_jetpack_memberships_contains_paid_content":false,"footnotes":""},"categories":[109,46],"tags":[2368,2369],"class_list":["post-22662","post","type-post","status-publish","format-standard","has-post-thumbnail","hentry","category-minuto-a-minuto","category-zona-blanca","tag-fuerza-por-mexico","tag-salome-martinez-salazar"],"jetpack_featured_media_url":"https:\/\/zonaroja.com.mx\/wp-content\/uploads\/2021\/01\/FXM-ARTISTAS-4.jpeg","jetpack_sharing_enabled":true,"_links":{"self":[{"href":"https:\/\/zonaroja.com.mx\/index.php?rest_route=\/wp\/v2\/posts\/22662","targetHints":{"allow":["GET"]}}],"collection":[{"href":"https:\/\/zonaroja.com.mx\/index.php?rest_route=\/wp\/v2\/posts"}],"about":[{"href":"https:\/\/zonaroja.com.mx\/index.php?rest_route=\/wp\/v2\/types\/post"}],"author":[{"embeddable":true,"href":"https:\/\/zonaroja.com.mx\/index.php?rest_route=\/wp\/v2\/users\/2"}],"replies":[{"embeddable":true,"href":"https:\/\/zonaroja.com.mx\/index.php?rest_route=%2Fwp%2Fv2%2Fcomments&post=22662"}],"version-history":[{"count":1,"href":"https:\/\/zonaroja.com.mx\/index.php?rest_route=\/wp\/v2\/posts\/22662\/revisions"}],"predecessor-version":[{"id":22664,"href":"https:\/\/zonaroja.com.mx\/index.php?rest_route=\/wp\/v2\/posts\/22662\/revisions\/22664"}],"wp:featuredmedia":[{"embeddable":true,"href":"https:\/\/zonaroja.com.mx\/index.php?rest_route=\/wp\/v2\/media\/22663"}],"wp:attachment":[{"href":"https:\/\/zonaroja.com.mx\/index.php?rest_route=%2Fwp%2Fv2%2Fmedia&parent=22662"}],"wp:term":[{"taxonomy":"category","embeddable":true,"href":"https:\/\/zonaroja.com.mx\/index.php?rest_route=%2Fwp%2Fv2%2Fcategories&post=22662"},{"taxonomy":"post_tag","embeddable":true,"href":"https:\/\/zonaroja.com.mx\/index.php?rest_route=%2Fwp%2Fv2%2Ftags&post=22662"}],"curies":[{"name":"wp","href":"https:\/\/api.w.org\/{rel}","templated":true}]}}