{"id":22676,"date":"2021-01-21T18:52:58","date_gmt":"2021-01-22T00:52:58","guid":{"rendered":"http:\/\/www.zonaroja.com.mx\/?p=22676"},"modified":"2021-01-21T18:53:02","modified_gmt":"2021-01-22T00:53:02","slug":"ni-agua-ni-justicia-para-ayutla-autoridades-promueven-la-impunidad","status":"publish","type":"post","link":"https:\/\/zonaroja.com.mx\/?p=22676","title":{"rendered":"Ni agua ni justicia para Ayutla; autoridades promueven la impunidad"},"content":{"rendered":"\n<p>Evlin Arag\u00f3n\/Zona Roja.<\/p>\n\n\n\n<p>Oaxaca de Ju\u00e1rez, Oax., 21 de enero de 2021.- La falta de acceso al agua proveniente de su manantial no es la \u00fanica deuda que tienen las autoridades de Oaxaca con la poblaci\u00f3n de San Pedro y San Pablo Ayutla.<\/p>\n\n\n\n<p>Desde hace m\u00e1s de tres a\u00f1os, las mujeres y hombres que habitan en la localidad esperan que la justicia llegue, tras las agresiones de las que fueron v\u00edctimas por sus vecinos de Tamazul\u00e1pam del Esp\u00edritu Santo.&nbsp;<\/p>\n\n\n\n<p>\u201cHan pasado m\u00e1s de 3 a\u00f1os y la @FISCALIA_GobOax sin ning\u00fan resultado concreto para llevar ante la JUSTICIA los sicarios y secuestradores que torturaron a mujeres de Ayutla y asesinaron a Luis Juan Guadalupe por defender sus tierras, MAS DE 3 A\u00d1OS de IMPUNIDAD C.C.@alejandromurat\u201d.<\/p>\n\n\n\n<p>As\u00ed lo expresa a trav\u00e9s de sus redes sociales el activista Joaqu\u00edn Galv\u00e1n quien, junto con otros habitantes de la localidad Mixe, se ha pronunciado p\u00fablicamente por el derecho al acceso al agua y la justicia para Ayutla, ambas a\u00fan pendientes por parte del gobierno actual.&nbsp;<\/p>\n\n\n\n<p>Y es que fue en junio del 2017 que un grupo de mujeres, originarias de Ayutla, se manifestaron en la capital de Oaxaca y denunciaron el despojo de 150 hect\u00e1reas de sus tierras, adem\u00e1s del derribo de sus casas como parte de una agresi\u00f3n armada registrada el 18 de mayo del mismo a\u00f1o por habitantes de Tamazul\u00e1pam, que previamente hab\u00edan invadido y tomado por la fuerza el manantial que alimentaba de agua a la comunidad.<\/p>\n\n\n\n<p>Los ataques en la comunidad continuaron por algunos d\u00edas, ante la omisi\u00f3n por parte de las autoridades estatales, y fue el 5 de junio que tuvo un desenlace fatal con la muerte de Luis Juan Guadalupe y cinco comuneros m\u00e1s heridos; as\u00ed mismo cuatro mujeres fueron secuestradas por decenas de hombres armados y llevadas a la c\u00e1rcel de Tierra Blanca, Tamazul\u00e1pam.<\/p>\n\n\n\n<p>No fue sino por la presi\u00f3n que se ejerci\u00f3 a trav\u00e9s de las redes sociales y el arribo de decenas de mujeres de la comunidad a la capital de Oaxaca, que fueron liberadas; sin embargo, ya hab\u00edan sido v\u00edctimas de tortura y violencia sexual.&nbsp;&nbsp;<\/p>\n\n\n\n<p>A poco m\u00e1s de tres a\u00f1os, las autoridades no han procurado justicia para la poblaci\u00f3n, a pesar de que los atacantes fueron identificados. La v\u00edctima mortal y las mujeres agredidas no han visto la reparaci\u00f3n del da\u00f1o y sus agresores no han sido sancionados.<\/p>\n\n\n\n<p>\u201cPara que las mujeres y v\u00edctimas de Ayutla Mixe hace m\u00e1s de 3 a\u00f1os tengan acceso a la justicia \u00bfser\u00e1 necesario q tomemos las fiscal\u00edas de la ciudad? \u00bfQue se necesita @RVasconcelosM para q en serio cumplas con tu chamba? Que piensan amigxs? A q nos orillan? #JusticiaParaAyutlaYa\u201d, es otro de los mensajes del activista mixe.&nbsp;<\/p>\n\n\n\n<p>De acuerdo con los reportes hemerogr\u00e1ficos, los ataques del 2017 incluyeron que las tuber\u00edas y la construcci\u00f3n cercana al manantial fuera dinamitada; el uso cotidiano de armas de fuego en la zona; el desplazamiento forzado de familias; y sobre todo la impunidad, esa contin\u00faa hasta la fecha.&nbsp;<\/p>\n\n\n\n<p>Recientemente el gobierno de Oaxaca anunci\u00f3 la inauguraci\u00f3n de un pozo que dotar\u00eda de agua a la poblaci\u00f3n, acci\u00f3n que fue cuestionada por la propia autoridad municipal que asegura no cumple con su funci\u00f3n, por lo que insistieron una vez m\u00e1s en el acceso al manantial en pugna, de lo contrario para la pr\u00f3xima temporada de sequ\u00eda la poblaci\u00f3n volver\u00e1 a ser violentada en sus derechos humanos.<\/p>\n\n\n\n<p>As\u00ed mismo el Sistema DIF Oaxaca difundi\u00f3 la inauguraci\u00f3n de la Unidad B\u00e1sica de Rehabilitaci\u00f3n para atender a personas con discapacidad; as\u00ed como la habilitaci\u00f3n de un parque infantil incluyente y la entrega de diversos apoyos a la comunidad, sin embargo, de la violencia en la zona nada se ha dicho.<\/p>\n\n\n\n<p>\u201c\u00bfQu\u00e9 hay de la violencia de estado como la que ejerce @alejandromurat a los ni\u00f1xs de Ayutla al no cumplir con reestablecer el derecho humano al agua del manantial de Ayutla?\u201d, responde Joaqu\u00edn Galv\u00e1n ante un tweet emitido por el titular de la Defensor\u00eda de los Derechos Humanos del Pueblo de Oaxaca, que invita a desnormalizar la violencia contra la infancia.&nbsp;<\/p>\n","protected":false},"excerpt":{"rendered":"<p>Evlin Arag\u00f3n\/Zona Roja. Oaxaca de Ju\u00e1rez, Oax., 21 de enero de 2021.- La falta de&hellip;<\/p>\n","protected":false},"author":2,"featured_media":22677,"comment_status":"closed","ping_status":"open","sticky":false,"template":"","format":"standard","meta":{"_lmt_disableupdate":"","_lmt_disable":"","_jetpack_memberships_contains_paid_content":false,"footnotes":""},"categories":[109,47],"tags":[501],"class_list":["post-22676","post","type-post","status-publish","format-standard","has-post-thumbnail","hentry","category-minuto-a-minuto","category-zona-gris","tag-san-pedro-y-san-pablo-ayutla-mixe"],"jetpack_featured_media_url":"https:\/\/zonaroja.com.mx\/wp-content\/uploads\/2021\/01\/Ayutla-Archivo.png","jetpack_sharing_enabled":true,"_links":{"self":[{"href":"https:\/\/zonaroja.com.mx\/index.php?rest_route=\/wp\/v2\/posts\/22676","targetHints":{"allow":["GET"]}}],"collection":[{"href":"https:\/\/zonaroja.com.mx\/index.php?rest_route=\/wp\/v2\/posts"}],"about":[{"href":"https:\/\/zonaroja.com.mx\/index.php?rest_route=\/wp\/v2\/types\/post"}],"author":[{"embeddable":true,"href":"https:\/\/zonaroja.com.mx\/index.php?rest_route=\/wp\/v2\/users\/2"}],"replies":[{"embeddable":true,"href":"https:\/\/zonaroja.com.mx\/index.php?rest_route=%2Fwp%2Fv2%2Fcomments&post=22676"}],"version-history":[{"count":1,"href":"https:\/\/zonaroja.com.mx\/index.php?rest_route=\/wp\/v2\/posts\/22676\/revisions"}],"predecessor-version":[{"id":22678,"href":"https:\/\/zonaroja.com.mx\/index.php?rest_route=\/wp\/v2\/posts\/22676\/revisions\/22678"}],"wp:featuredmedia":[{"embeddable":true,"href":"https:\/\/zonaroja.com.mx\/index.php?rest_route=\/wp\/v2\/media\/22677"}],"wp:attachment":[{"href":"https:\/\/zonaroja.com.mx\/index.php?rest_route=%2Fwp%2Fv2%2Fmedia&parent=22676"}],"wp:term":[{"taxonomy":"category","embeddable":true,"href":"https:\/\/zonaroja.com.mx\/index.php?rest_route=%2Fwp%2Fv2%2Fcategories&post=22676"},{"taxonomy":"post_tag","embeddable":true,"href":"https:\/\/zonaroja.com.mx\/index.php?rest_route=%2Fwp%2Fv2%2Ftags&post=22676"}],"curies":[{"name":"wp","href":"https:\/\/api.w.org\/{rel}","templated":true}]}}