{"id":22679,"date":"2021-01-21T19:12:24","date_gmt":"2021-01-22T01:12:24","guid":{"rendered":"http:\/\/www.zonaroja.com.mx\/?p=22679"},"modified":"2021-01-21T19:18:09","modified_gmt":"2021-01-22T01:18:09","slug":"van-cinco-renuncias-de-funcionarios-del-gobierno-de-oaxaca","status":"publish","type":"post","link":"https:\/\/zonaroja.com.mx\/?p=22679","title":{"rendered":"Van cinco renuncias de funcionarios del gobierno de Oaxaca"},"content":{"rendered":"\n<p>Redacci\u00f3n\/Zona Roja.<\/p>\n\n\n\n<p>Oaxaca de Ju\u00e1rez, Oax. 21 de enero de 2021.- En menos de una semana, cinco integrantes del gabinete legal y ampliado del gobierno de Oaxaca han presentado su renuncia al cargo.<\/p>\n\n\n\n<p>Presuntamente buscan un cargo de representaci\u00f3n popular en el actual proceso electoral, federal como local.<\/p>\n\n\n\n<p>El pasado martes, Donato Casas Escamilla renunci\u00f3 a la titularidad de los Servicios de Salud de Oaxaca.<\/p>\n\n\n\n<p>Este d\u00eda lo hicieron Yolanda Mart\u00ednez L\u00f3pez a la Secretar\u00eda de Bienestar, y &nbsp;Eufrosina Cruz Mendoza a la Secretar\u00eda de los Pueblos Ind\u00edgenas y Afromexicano.<\/p>\n\n\n\n<p>Tambi\u00e9n de Miriam Liborio Hern\u00e1ndez, quien fung\u00eda como titular del Instituto Estatal de Educaci\u00f3n para Adulos, y Antonio Amaro Cancino, quien se desempe\u00f1aba como titular de la Coordinaci\u00f3n Estatal de Protecci\u00f3n Civil (CEPCO).<\/p>\n\n\n\n<p>En un comunicado, el gobierno de Oaxaca expuso que los cambios son en \u201caras de fortalecer las tareas y acciones gubernamentales a favor de las y los oaxaque\u00f1os.<\/p>\n\n\n\n<p>El titular del Poder Ejecutivo design\u00f3 como encargados de despacho a Claritza Ordaz Pineda en Sebien, Jairo Jim\u00e9nez Santiago en Sepia, Armando Santiago Santiago en el IEEA, y Siddharta Luna Hern\u00e1ndez en CEPCO.<\/p>\n\n\n\n<p>Se prev\u00e9 que en los pr\u00f3ximos d\u00edas haya m\u00e1s renuncias de quienes buscan un cargo de representaci\u00f3n popular.<\/p>\n","protected":false},"excerpt":{"rendered":"<p>Redacci\u00f3n\/Zona Roja. Oaxaca de Ju\u00e1rez, Oax. 21 de enero de 2021.- En menos de una&hellip;<\/p>\n","protected":false},"author":2,"featured_media":7665,"comment_status":"closed","ping_status":"open","sticky":false,"template":"","format":"standard","meta":{"_lmt_disableupdate":"","_lmt_disable":"","_jetpack_memberships_contains_paid_content":false,"footnotes":""},"categories":[109,47],"tags":[2389],"class_list":["post-22679","post","type-post","status-publish","format-standard","has-post-thumbnail","hentry","category-minuto-a-minuto","category-zona-gris","tag-renuncia-de-funcionarios-del-gobierno-de-oaxaca"],"jetpack_featured_media_url":"https:\/\/zonaroja.com.mx\/wp-content\/uploads\/2020\/01\/Palacio-de-Gobierno-Oaxaca.jpg","jetpack_sharing_enabled":true,"_links":{"self":[{"href":"https:\/\/zonaroja.com.mx\/index.php?rest_route=\/wp\/v2\/posts\/22679","targetHints":{"allow":["GET"]}}],"collection":[{"href":"https:\/\/zonaroja.com.mx\/index.php?rest_route=\/wp\/v2\/posts"}],"about":[{"href":"https:\/\/zonaroja.com.mx\/index.php?rest_route=\/wp\/v2\/types\/post"}],"author":[{"embeddable":true,"href":"https:\/\/zonaroja.com.mx\/index.php?rest_route=\/wp\/v2\/users\/2"}],"replies":[{"embeddable":true,"href":"https:\/\/zonaroja.com.mx\/index.php?rest_route=%2Fwp%2Fv2%2Fcomments&post=22679"}],"version-history":[{"count":2,"href":"https:\/\/zonaroja.com.mx\/index.php?rest_route=\/wp\/v2\/posts\/22679\/revisions"}],"predecessor-version":[{"id":22681,"href":"https:\/\/zonaroja.com.mx\/index.php?rest_route=\/wp\/v2\/posts\/22679\/revisions\/22681"}],"wp:featuredmedia":[{"embeddable":true,"href":"https:\/\/zonaroja.com.mx\/index.php?rest_route=\/wp\/v2\/media\/7665"}],"wp:attachment":[{"href":"https:\/\/zonaroja.com.mx\/index.php?rest_route=%2Fwp%2Fv2%2Fmedia&parent=22679"}],"wp:term":[{"taxonomy":"category","embeddable":true,"href":"https:\/\/zonaroja.com.mx\/index.php?rest_route=%2Fwp%2Fv2%2Fcategories&post=22679"},{"taxonomy":"post_tag","embeddable":true,"href":"https:\/\/zonaroja.com.mx\/index.php?rest_route=%2Fwp%2Fv2%2Ftags&post=22679"}],"curies":[{"name":"wp","href":"https:\/\/api.w.org\/{rel}","templated":true}]}}