{"id":22682,"date":"2021-01-21T20:14:03","date_gmt":"2021-01-22T02:14:03","guid":{"rendered":"http:\/\/www.zonaroja.com.mx\/?p=22682"},"modified":"2021-01-21T20:14:07","modified_gmt":"2021-01-22T02:14:07","slug":"registra-oaxaca-seis-homicidios-dolosos-en-24-horas","status":"publish","type":"post","link":"https:\/\/zonaroja.com.mx\/?p=22682","title":{"rendered":"Registra Oaxaca seis homicidios dolosos en 24 horas"},"content":{"rendered":"\n<p>Redacci\u00f3n\/Zona Roja.<\/p>\n\n\n\n<p>Oaxaca de Ju\u00e1rez, Oax., 21 de enero de 2021.- Al menos seis personas han sido asesinadas en las \u00faltimas 24 horas en Oaxaca, en hechos distintos registrados en las regiones Istmo de Tehuantepec, Sierra Ju\u00e1rez, Costa y Mixteca.<\/p>\n\n\n\n<p>La ma\u00f1ana de este jueves en el municipio istme\u00f1o de Asunci\u00f3n Ixtaltepec, fue asesinada una persona del sexo masculino en el interior de su domicilio, en la calle Porfirio D\u00edaz de la poblaci\u00f3n de L\u00e1zaro C\u00e1rdenas.<\/p>\n\n\n\n<p>La v\u00edctima fue identificada como Edwin G. L., y presenta disparos de arma de fuego en la cabeza y el pecho; no hay rastros del o los probables agresores.<\/p>\n\n\n\n<p>En San Juan Cotzoc\u00f3n Mixe, este d\u00eda fue ejecutado a balazos un individuo y el cuerpo fue localizado en un camino de terracer\u00eda a las comunidades de Arroyo pe\u00f1a Amarilla y La Libertad; a\u00fan se desconocen sus datos de identidad.<\/p>\n\n\n\n<p>Mientras que a la orilla del r\u00edo \u201cLos Horcones\u201d de Candelaria Loxicha, la tarde de ayer fue localizado sin vida el cuerpo de una persona del sexo masculino que desde hace tres d\u00edas hab\u00eda sido reportada como desaparecida; de manera preliminar fue identificado con las iniciales S. M. V.<\/p>\n\n\n\n<p>Tambi\u00e9n ayer en Santa Catarina Juquila, fueron asesinadas a balazos dos personas; los cuerpos fueron hallados en un camino de terracer\u00eda y a\u00fan no han sido identificados.<\/p>\n\n\n\n<p>Anoche, sobre la avenida Reforma de la agencia de Palizada, del municipio de Putla Villa de Guerrero, fue localizado el cad\u00e1ver de un individuo, que presenta lesiones presuntamente por arma punzocortante, as\u00ed como golpes; hasta el momento no ha sido identificado.<\/p>\n","protected":false},"excerpt":{"rendered":"<p>Redacci\u00f3n\/Zona Roja. Oaxaca de Ju\u00e1rez, Oax., 21 de enero de 2021.- Al menos seis personas&hellip;<\/p>\n","protected":false},"author":2,"featured_media":7486,"comment_status":"closed","ping_status":"open","sticky":false,"template":"","format":"standard","meta":{"_lmt_disableupdate":"","_lmt_disable":"","_jetpack_memberships_contains_paid_content":false,"footnotes":""},"categories":[109,51],"tags":[664],"class_list":["post-22682","post","type-post","status-publish","format-standard","has-post-thumbnail","hentry","category-minuto-a-minuto","category-zona-roja","tag-homicidios-oaxaca"],"jetpack_featured_media_url":"https:\/\/zonaroja.com.mx\/wp-content\/uploads\/2020\/01\/Escena-del-crimen7.jpg","jetpack_sharing_enabled":true,"_links":{"self":[{"href":"https:\/\/zonaroja.com.mx\/index.php?rest_route=\/wp\/v2\/posts\/22682","targetHints":{"allow":["GET"]}}],"collection":[{"href":"https:\/\/zonaroja.com.mx\/index.php?rest_route=\/wp\/v2\/posts"}],"about":[{"href":"https:\/\/zonaroja.com.mx\/index.php?rest_route=\/wp\/v2\/types\/post"}],"author":[{"embeddable":true,"href":"https:\/\/zonaroja.com.mx\/index.php?rest_route=\/wp\/v2\/users\/2"}],"replies":[{"embeddable":true,"href":"https:\/\/zonaroja.com.mx\/index.php?rest_route=%2Fwp%2Fv2%2Fcomments&post=22682"}],"version-history":[{"count":1,"href":"https:\/\/zonaroja.com.mx\/index.php?rest_route=\/wp\/v2\/posts\/22682\/revisions"}],"predecessor-version":[{"id":22683,"href":"https:\/\/zonaroja.com.mx\/index.php?rest_route=\/wp\/v2\/posts\/22682\/revisions\/22683"}],"wp:featuredmedia":[{"embeddable":true,"href":"https:\/\/zonaroja.com.mx\/index.php?rest_route=\/wp\/v2\/media\/7486"}],"wp:attachment":[{"href":"https:\/\/zonaroja.com.mx\/index.php?rest_route=%2Fwp%2Fv2%2Fmedia&parent=22682"}],"wp:term":[{"taxonomy":"category","embeddable":true,"href":"https:\/\/zonaroja.com.mx\/index.php?rest_route=%2Fwp%2Fv2%2Fcategories&post=22682"},{"taxonomy":"post_tag","embeddable":true,"href":"https:\/\/zonaroja.com.mx\/index.php?rest_route=%2Fwp%2Fv2%2Ftags&post=22682"}],"curies":[{"name":"wp","href":"https:\/\/api.w.org\/{rel}","templated":true}]}}