{"id":22684,"date":"2021-01-21T21:32:40","date_gmt":"2021-01-22T03:32:40","guid":{"rendered":"http:\/\/www.zonaroja.com.mx\/?p=22684"},"modified":"2021-01-21T21:32:45","modified_gmt":"2021-01-22T03:32:45","slug":"pese-a-pandemia-oaxaca-mantuvo-empleos-al-cierre-de-ano-inegi","status":"publish","type":"post","link":"https:\/\/zonaroja.com.mx\/?p=22684","title":{"rendered":"Pese a pandemia, Oaxaca mantuvo empleos al cierre de a\u00f1o: INEGI"},"content":{"rendered":"\n<p>Yuridiana Sosa\/Zona Roja.<\/p>\n\n\n\n<p>Oaxaca de Ju\u00e1rez, Oax., 21 de enero de 2020.- Contrario a las expresiones sociales sobre el desempleo durante la pandemia por Covid-19, la Encuesta Nacional de Ocupaci\u00f3n y Empleo (ENOE) correspondientes a diciembre de 2020, revel\u00f3 cifras de ocupaci\u00f3n casi iguales al mismo periodo en 2019.<\/p>\n\n\n\n<p>El informe reciente, sobre la Nueva Edici\u00f3n de la ENOE, indic\u00f3 que la tasa de ocupaci\u00f3n en Oaxaca durante diciembre de 2019 fue de 98.4, mientras que en el mismo mes de 2020 de 98.6, lo que representa, incluso, un ligero aumento.<\/p>\n\n\n\n<p>Esta situaci\u00f3n contrasta con las expresiones de la poblaci\u00f3n sobre la p\u00e9rdida de empleos durante la pandemia, en la que adem\u00e1s se registr\u00f3 el cierre de comercios.<\/p>\n\n\n\n<p>A nivel nacional, la tasa de desocupaci\u00f3n fue de 3.8 por ciento en diciembre y de 4.4 por ciento en noviembre de 2020.<\/p>\n\n\n\n<p>La estad\u00edstica mostr\u00f3 el cambio de la actividad econ\u00f3mica con la evoluci\u00f3n de la pandemia en el pa\u00eds, en la que hubo una reactivaci\u00f3n de los negocios y empresas en diciembre de 2020 en comparaci\u00f3n a noviembre.<\/p>\n\n\n\n<p>En abril se registr\u00f3 que 12 millones de personas salieron de la lista de la Poblaci\u00f3n Econ\u00f3micamente Activa (PEA), con una recuperaci\u00f3n de alrededor en 9.5 millones para diciembre.<\/p>\n\n\n\n<p>La ENOE indic\u00f3 que la poblaci\u00f3n ocupada se situ\u00f3 en 52.8 millones en diciembre, estad\u00edsticamente similar a la del mes previo. Mayor castigo por venta de bebidas alcoh\u00f3licas cerca de las escuelas.<\/p>\n","protected":false},"excerpt":{"rendered":"<p>Yuridiana Sosa\/Zona Roja. Oaxaca de Ju\u00e1rez, Oax., 21 de enero de 2020.- Contrario a las&hellip;<\/p>\n","protected":false},"author":2,"featured_media":22685,"comment_status":"closed","ping_status":"open","sticky":false,"template":"","format":"standard","meta":{"_lmt_disableupdate":"","_lmt_disable":"","_jetpack_memberships_contains_paid_content":false,"footnotes":""},"categories":[109,47],"tags":[1702],"class_list":["post-22684","post","type-post","status-publish","format-standard","has-post-thumbnail","hentry","category-minuto-a-minuto","category-zona-gris","tag-encuesta-nacional-de-ocupacion-y-empleo-enoe"],"jetpack_featured_media_url":"https:\/\/zonaroja.com.mx\/wp-content\/uploads\/2021\/01\/Empleos.jpg","jetpack_sharing_enabled":true,"_links":{"self":[{"href":"https:\/\/zonaroja.com.mx\/index.php?rest_route=\/wp\/v2\/posts\/22684","targetHints":{"allow":["GET"]}}],"collection":[{"href":"https:\/\/zonaroja.com.mx\/index.php?rest_route=\/wp\/v2\/posts"}],"about":[{"href":"https:\/\/zonaroja.com.mx\/index.php?rest_route=\/wp\/v2\/types\/post"}],"author":[{"embeddable":true,"href":"https:\/\/zonaroja.com.mx\/index.php?rest_route=\/wp\/v2\/users\/2"}],"replies":[{"embeddable":true,"href":"https:\/\/zonaroja.com.mx\/index.php?rest_route=%2Fwp%2Fv2%2Fcomments&post=22684"}],"version-history":[{"count":1,"href":"https:\/\/zonaroja.com.mx\/index.php?rest_route=\/wp\/v2\/posts\/22684\/revisions"}],"predecessor-version":[{"id":22686,"href":"https:\/\/zonaroja.com.mx\/index.php?rest_route=\/wp\/v2\/posts\/22684\/revisions\/22686"}],"wp:featuredmedia":[{"embeddable":true,"href":"https:\/\/zonaroja.com.mx\/index.php?rest_route=\/wp\/v2\/media\/22685"}],"wp:attachment":[{"href":"https:\/\/zonaroja.com.mx\/index.php?rest_route=%2Fwp%2Fv2%2Fmedia&parent=22684"}],"wp:term":[{"taxonomy":"category","embeddable":true,"href":"https:\/\/zonaroja.com.mx\/index.php?rest_route=%2Fwp%2Fv2%2Fcategories&post=22684"},{"taxonomy":"post_tag","embeddable":true,"href":"https:\/\/zonaroja.com.mx\/index.php?rest_route=%2Fwp%2Fv2%2Ftags&post=22684"}],"curies":[{"name":"wp","href":"https:\/\/api.w.org\/{rel}","templated":true}]}}