{"id":22687,"date":"2021-01-21T21:58:22","date_gmt":"2021-01-22T03:58:22","guid":{"rendered":"http:\/\/www.zonaroja.com.mx\/?p=22687"},"modified":"2021-01-21T21:58:26","modified_gmt":"2021-01-22T03:58:26","slug":"ya-son-20-hospitales-llenos-con-pacientes-covid-en-oaxaca-hoy-330-positivos","status":"publish","type":"post","link":"https:\/\/zonaroja.com.mx\/?p=22687","title":{"rendered":"Ya son 20 hospitales llenos con pacientes Covid en Oaxaca; hoy 330 positivos"},"content":{"rendered":"\n<p>Redacci\u00f3n\/Zona Roja.<\/p>\n\n\n\n<p>Oaxaca de Ju\u00e1rez, Oax. 21 de enero de 2021.- Los Servicios de Salud de Oaxaca (SSO) informaron que al corte de este jueves 21 de enero se han registrado 330 casos nuevos de Covid-19 en la entidad, que suman 32 mil 540 acumulados.<\/p>\n\n\n\n<p>La instituci\u00f3n se\u00f1al\u00f3 que se han notificado 52 mil 222 casos, de los cuales 15 mil cinco han sido negativos, hay cuatro mil 677 sospechosos, 29 mil 447 se han recuperado y lamentablemente se contabilizan 22 decesos, que suman dos mil 363 defunciones acumuladas.<\/p>\n\n\n\n<p>En un comunicado, mencion\u00f3 que la Jurisdicci\u00f3n Sanitaria n\u00famero uno Valles Centrales registra 22 mil 464 casos confirmados y mil 256 defunciones, Istmo dos mil 726 y 370 muertes, Mixteca dos mil 470 y 205 defunciones, Tuxtepec dos mil 172 y 288 muertes, Costa mil 624 y 156 defunciones y la Sierra mil 84 y 88 muertes.<\/p>\n\n\n\n<p>Los 330 casos nuevos registrados afectan a 79 municipios de la entidad, siendo el de Oaxaca de Ju\u00e1rez el de mayor n\u00famero con 103 casos, Santa Cruz Xoxocotl\u00e1n y Santa Luc\u00eda del Camino 13 cada uno, Santa Mar\u00eda Huatulco 12, Ocotl\u00e1n de Morelos 10, Huajuapan de Le\u00f3n y Salina Cruz nueve cada uno, el resto siete, seis, cinco, cuatro, tres, dos y un caso.<\/p>\n\n\n\n<figure class=\"wp-block-embed-twitter wp-block-embed is-type-rich is-provider-twitter\"><div class=\"wp-block-embed__wrapper\">\n<div class=\"twitter-tweet\"><blockquote class=\"twitter-tweet\" data-lang=\"es\"><p lang=\"es\" dir=\"ltr\"><a href=\"https:\/\/twitter.com\/hashtag\/%C3%9AltimoMinuto?src=hash&amp;ref_src=twsrc%5Etfw\">#\u00daltimoMinuto<\/a><br>En Oaxaca el Covid tambi\u00e9n se fue al extremo: hoy, los Servicios de Salud reportan 330 casos positivos, para un total de 32 mil 540; adem\u00e1s, 22 fallecimientos, con lo que suman dos mil 363. \u00a1Ya son 20 hospitales saturados!<a href=\"https:\/\/twitter.com\/hashtag\/Qu%C3%A9dateEnCasa?src=hash&amp;ref_src=twsrc%5Etfw\">#Qu\u00e9dateEnCasa<\/a> <a href=\"https:\/\/t.co\/J4sumo3pqu\">pic.twitter.com\/J4sumo3pqu<\/a><\/p>&mdash; Zona Roja Oaxaca (@MexRoja) <a href=\"https:\/\/twitter.com\/MexRoja\/status\/1352444089585680384?ref_src=twsrc%5Etfw\">22 de enero de 2021<\/a><\/blockquote><\/div>\n<\/div><\/figure>\n\n\n\n<p>Dijo que hay 730 casos activos, la Jurisdicci\u00f3n Sanitaria n\u00famero uno Valles Centrales contabiliza 460 casos, la de la Mixteca 92, la Costa 57, la Jurisdicci\u00f3n del Istmo 51, la de la Sierra 39 y la Jurisdicci\u00f3n de Tuxtepec 31.<\/p>\n\n\n\n<p>De los dos mil 363 defunciones, el grupo de edad m\u00e1s afectado es el de 65 y m\u00e1s a\u00f1os, seguido de 50 a 59 y 60 a 64 con mil 94, 536 y 339 respectivamente. Por sexo, mil 550 son hombres y 813 mujeres. Las comorbilidades asociadas son hipertensi\u00f3n arterial, diabetes, obesidad e insuficiencia renal.<\/p>\n\n\n\n<p>Dio a conocer que este jueves se registran 20 hospitales de la entidad con una ocupaci\u00f3n del 100%; del total de las 673 camas totales, 419 se encuentran ocupadas, lo que representa el 62.3% de ocupaci\u00f3n a nivel estatal.<\/p>\n\n\n\n<p>Finalmente record\u00f3 que hay cuatro centros de valoraci\u00f3n de primer contacto para pacientes con s\u00edntomas respiratorios en la zona conurbada, ubicados en el Hospital General de zona n\u00famero uno del IMSS, el Hospital \u201cPresidente Ju\u00e1rez\u201d del ISSSTE, el Hospital General Doctor \u201cAurelio Valdivieso\u201d y el Centro de Salud Urbano uno.<\/p>\n","protected":false},"excerpt":{"rendered":"<p>Redacci\u00f3n\/Zona Roja. Oaxaca de Ju\u00e1rez, Oax. 21 de enero de 2021.- Los Servicios de Salud&hellip;<\/p>\n","protected":false},"author":2,"featured_media":22688,"comment_status":"closed","ping_status":"open","sticky":false,"template":"","format":"standard","meta":{"_lmt_disableupdate":"","_lmt_disable":"","_jetpack_memberships_contains_paid_content":false,"footnotes":""},"categories":[109,47],"tags":[1512],"class_list":["post-22687","post","type-post","status-publish","format-standard","has-post-thumbnail","hentry","category-minuto-a-minuto","category-zona-gris","tag-coronavirus-oaxaca"],"jetpack_featured_media_url":"https:\/\/zonaroja.com.mx\/wp-content\/uploads\/2021\/01\/SSO-1-3-1.jpeg","jetpack_sharing_enabled":true,"_links":{"self":[{"href":"https:\/\/zonaroja.com.mx\/index.php?rest_route=\/wp\/v2\/posts\/22687","targetHints":{"allow":["GET"]}}],"collection":[{"href":"https:\/\/zonaroja.com.mx\/index.php?rest_route=\/wp\/v2\/posts"}],"about":[{"href":"https:\/\/zonaroja.com.mx\/index.php?rest_route=\/wp\/v2\/types\/post"}],"author":[{"embeddable":true,"href":"https:\/\/zonaroja.com.mx\/index.php?rest_route=\/wp\/v2\/users\/2"}],"replies":[{"embeddable":true,"href":"https:\/\/zonaroja.com.mx\/index.php?rest_route=%2Fwp%2Fv2%2Fcomments&post=22687"}],"version-history":[{"count":1,"href":"https:\/\/zonaroja.com.mx\/index.php?rest_route=\/wp\/v2\/posts\/22687\/revisions"}],"predecessor-version":[{"id":22689,"href":"https:\/\/zonaroja.com.mx\/index.php?rest_route=\/wp\/v2\/posts\/22687\/revisions\/22689"}],"wp:featuredmedia":[{"embeddable":true,"href":"https:\/\/zonaroja.com.mx\/index.php?rest_route=\/wp\/v2\/media\/22688"}],"wp:attachment":[{"href":"https:\/\/zonaroja.com.mx\/index.php?rest_route=%2Fwp%2Fv2%2Fmedia&parent=22687"}],"wp:term":[{"taxonomy":"category","embeddable":true,"href":"https:\/\/zonaroja.com.mx\/index.php?rest_route=%2Fwp%2Fv2%2Fcategories&post=22687"},{"taxonomy":"post_tag","embeddable":true,"href":"https:\/\/zonaroja.com.mx\/index.php?rest_route=%2Fwp%2Fv2%2Ftags&post=22687"}],"curies":[{"name":"wp","href":"https:\/\/api.w.org\/{rel}","templated":true}]}}