{"id":22693,"date":"2021-01-22T07:41:52","date_gmt":"2021-01-22T13:41:52","guid":{"rendered":"http:\/\/www.zonaroja.com.mx\/?p=22693"},"modified":"2021-01-22T07:41:57","modified_gmt":"2021-01-22T13:41:57","slug":"lamenta-diputado-designacion-de-juan-carlos-marquez-haine-al-frente-de-los-sso","status":"publish","type":"post","link":"https:\/\/zonaroja.com.mx\/?p=22693","title":{"rendered":"Lamenta diputado designaci\u00f3n de Juan Carlos M\u00e1rquez Haine al frente de los SSO"},"content":{"rendered":"\n<p>Redacci\u00f3n\/Zona Roja.<\/p>\n\n\n\n<p>Oaxaca de Ju\u00e1rez, Oax., 22 de enero del 2021.- El diputado local por el Partido Morena, Horacio Sosa Villavicencio, se\u00f1al\u00f3 que en el nombramiento de Juan Carlos M\u00e1rquez Haine al frente de los Servicios de Salud de Oaxaca (SSO) relucen presuntos antecedentes de corrupci\u00f3n de este funcionario.<\/p>\n\n\n\n<p>Lament\u00f3 la decisi\u00f3n del titular del Poder Ejecutivo estatal, pues en el estado existen, dijo, doctores y doctoras con conocimiento, quienes servir\u00edan con honestidad y honorabilidad.<\/p>\n\n\n\n<p>El diputado por Morena record\u00f3 el presunto enga\u00f1o que Haine intent\u00f3 efectuar al gobernador Alejandro Murat y al Presidente de la Rep\u00fablica con la renta de equipo m\u00e9dico para simular la operatividad del hospital de Tlaxiaco.<\/p>\n\n\n\n<p>El legislador y representante de Valles Centrales en el Congreso local coment\u00f3 que los y las diputadas estar\u00e1n vigilantes al actuar de cada una de las personas que integran el gabinete de Murat Hinojosa, para evitar que el pueblo de Oaxaca sea v\u00edctima del desfalco a su presupuesto.<\/p>\n","protected":false},"excerpt":{"rendered":"<p>Redacci\u00f3n\/Zona Roja. Oaxaca de Ju\u00e1rez, Oax., 22 de enero del 2021.- El diputado local por&hellip;<\/p>\n","protected":false},"author":2,"featured_media":20512,"comment_status":"closed","ping_status":"open","sticky":false,"template":"","format":"standard","meta":{"_lmt_disableupdate":"","_lmt_disable":"","_jetpack_memberships_contains_paid_content":false,"footnotes":""},"categories":[109,46],"tags":[444],"class_list":["post-22693","post","type-post","status-publish","format-standard","has-post-thumbnail","hentry","category-minuto-a-minuto","category-zona-blanca","tag-horacio-sosa-villavicencio"],"jetpack_featured_media_url":"https:\/\/zonaroja.com.mx\/wp-content\/uploads\/2020\/11\/Horacio-Sosa-V.jpg","jetpack_sharing_enabled":true,"_links":{"self":[{"href":"https:\/\/zonaroja.com.mx\/index.php?rest_route=\/wp\/v2\/posts\/22693","targetHints":{"allow":["GET"]}}],"collection":[{"href":"https:\/\/zonaroja.com.mx\/index.php?rest_route=\/wp\/v2\/posts"}],"about":[{"href":"https:\/\/zonaroja.com.mx\/index.php?rest_route=\/wp\/v2\/types\/post"}],"author":[{"embeddable":true,"href":"https:\/\/zonaroja.com.mx\/index.php?rest_route=\/wp\/v2\/users\/2"}],"replies":[{"embeddable":true,"href":"https:\/\/zonaroja.com.mx\/index.php?rest_route=%2Fwp%2Fv2%2Fcomments&post=22693"}],"version-history":[{"count":1,"href":"https:\/\/zonaroja.com.mx\/index.php?rest_route=\/wp\/v2\/posts\/22693\/revisions"}],"predecessor-version":[{"id":22694,"href":"https:\/\/zonaroja.com.mx\/index.php?rest_route=\/wp\/v2\/posts\/22693\/revisions\/22694"}],"wp:featuredmedia":[{"embeddable":true,"href":"https:\/\/zonaroja.com.mx\/index.php?rest_route=\/wp\/v2\/media\/20512"}],"wp:attachment":[{"href":"https:\/\/zonaroja.com.mx\/index.php?rest_route=%2Fwp%2Fv2%2Fmedia&parent=22693"}],"wp:term":[{"taxonomy":"category","embeddable":true,"href":"https:\/\/zonaroja.com.mx\/index.php?rest_route=%2Fwp%2Fv2%2Fcategories&post=22693"},{"taxonomy":"post_tag","embeddable":true,"href":"https:\/\/zonaroja.com.mx\/index.php?rest_route=%2Fwp%2Fv2%2Ftags&post=22693"}],"curies":[{"name":"wp","href":"https:\/\/api.w.org\/{rel}","templated":true}]}}