{"id":22695,"date":"2021-01-22T07:51:15","date_gmt":"2021-01-22T13:51:15","guid":{"rendered":"http:\/\/www.zonaroja.com.mx\/?p=22695"},"modified":"2021-01-22T07:51:21","modified_gmt":"2021-01-22T13:51:21","slug":"desaparecen-mas-de-mil-mujeres-en-4-anos-del-gobierno-de-murat","status":"publish","type":"post","link":"https:\/\/zonaroja.com.mx\/?p=22695","title":{"rendered":"Desaparecen m\u00e1s de mil mujeres en 4 a\u00f1os del gobierno de Murat"},"content":{"rendered":"\n<p>Deimos S\u00e1nchez\/Estado20<\/p>\n\n\n\n<p>Oaxaca de Ju\u00e1rez, Oax., En cuatro a\u00f1os del gobierno de Alejandro Murat, en Oaxaca un total de mil 05 mujeres fueron reportadas como desaparecidas, una cifra alarmante, que representa un incremento porcentual del 730% comparada con los 121 casos registrados en el mismo periodo pero del gobierno de Gabino Cu\u00e9 Monteagudo, inform\u00f3 la organizaci\u00f3n civil Consorcio para el Di\u00e1logo Parlamentario y la Equidad.<\/p>\n\n\n\n<p>En su informe recabado y publicado en la \u00abPlataforma de Violencia Feminicida en Oaxaca\u00bb, la organizaci\u00f3n feminista, a\u00f1adi\u00f3 que de esa misma fecha, del 1 de diciembre de 2016 en que dio inicio el sexenio de Alejandro Murat Hinojosa, al 30 de noviembre de 2020, Consorcio document\u00f3 2 mil 344 casos de violencia contra las mujeres<\/p>\n\n\n\n<p>De ellas, precis\u00f3 han ocurrido 471 feminicidios en la entidad, cifra que se increment\u00f3 un 36% respecto a los 346 casos registrados en cuatro a\u00f1os del gobierno estatal anterior.<\/p>\n\n\n\n<p>TAMBI\u00c9N FEMINICIDIOS<\/p>\n\n\n\n<p>Del total de feminicidios ocurridos en lo que va de este sexenio, resulta desgarrador el registro de siete ni\u00f1as asesinadas que ten\u00edan entre los 0 y 4 a\u00f1os de edad, de las cuales: cuatro fueron asesinadas con disparo, una con arma blanca y otra a golpes; la m\u00e1s peque\u00f1a de todas -de 8 meses de edad- muri\u00f3 luego de haber sido golpeada y violada por su padrastro en San Mateo del Mar, en la regi\u00f3n del Istmo, expuso la Organicaci\u00f3n No Gubernamental (ONG) en su comunicado.<\/p>\n\n\n\n<p>\u00abEl gobierno de Alejandro Murat Hinojosa tambi\u00e9n est\u00e1 marcado por el feminicidio de la joven fotoperiodista Mar\u00eda del Sol Cruz Jarqu\u00edn, quien fuera asesinada en un contexto electoral en Juchit\u00e1n de Zaragoza en junio de 2018. Hasta la fecha es evidente la omisi\u00f3n, impunidad y corrupci\u00f3n de las autoridades estatales en el caso\u00bb a\u00f1adi\u00f3.<\/p>\n\n\n\n<p>De ah\u00ed, refiri\u00f3 que la madre de la v\u00edctima, Soledad Jarqu\u00edn, acudiera a la conferencia matutina del Presidente Andr\u00e9s Manuel L\u00f3pez Obrador para denunciar que a pesar de contar con seis carpetas, la investigaci\u00f3n sobre el asesinato de su hija est\u00e1 detenida y no ha existido audiencia intermedia.<\/p>\n\n\n\n<p>As\u00ed mismo, asegur\u00f3 que el gobernador de Oaxaca, Alejandro Murat, rechaza que la inacci\u00f3n de las autoridades en el caso se deba a que los presuntos implicados en el asesinato son integrantes de su partido, el PRI.<\/p>\n\n\n\n<p>\u00abLas cifras anteriores son reflejo de un gobierno simulador, omiso y negacionista que mantiene la impunidad frente al dolor y la exigencia de justicia por parte de las familias de las v\u00edctimas de violencia feminicida en Oaxaca\u00bb, acus\u00f3 la organizaci\u00f3n feminista.<\/p>\n\n\n\n<p>Consorcio Oaxaca destaca que las cifras recuperadas de los principales diarios locales no representan el registro real de violencia contra las mujeres que se ha incrementado, dice de forma alarmante en los cuatro a\u00f1os del gobierno de Alejandro Murat, pues no todos los casos se denuncian ante las instancias de la Fiscal\u00eda General del Estado (FGEO) y los casos registrados en los medios informativos no recuperan datos indispensables para realizar una an\u00e1lisis de contexto, que permita obtener informaci\u00f3n real sobre la situaci\u00f3n en la que cientos de mujeres y ni\u00f1as est\u00e1n siendo asesinadas y desaparecidas en Oaxaca, expone.<\/p>\n","protected":false},"excerpt":{"rendered":"<p>Deimos S\u00e1nchez\/Estado20 Oaxaca de Ju\u00e1rez, Oax., En cuatro a\u00f1os del gobierno de Alejandro Murat, en&hellip;<\/p>\n","protected":false},"author":2,"featured_media":4182,"comment_status":"closed","ping_status":"open","sticky":false,"template":"","format":"standard","meta":{"_lmt_disableupdate":"","_lmt_disable":"","_jetpack_memberships_contains_paid_content":false,"footnotes":""},"categories":[109,47],"tags":[455],"class_list":["post-22695","post","type-post","status-publish","format-standard","has-post-thumbnail","hentry","category-minuto-a-minuto","category-zona-gris","tag-mujeres-desaparecidas-oaxaca"],"jetpack_featured_media_url":"https:\/\/zonaroja.com.mx\/wp-content\/uploads\/2019\/09\/Violencia-mujeres2.png","jetpack_sharing_enabled":true,"_links":{"self":[{"href":"https:\/\/zonaroja.com.mx\/index.php?rest_route=\/wp\/v2\/posts\/22695","targetHints":{"allow":["GET"]}}],"collection":[{"href":"https:\/\/zonaroja.com.mx\/index.php?rest_route=\/wp\/v2\/posts"}],"about":[{"href":"https:\/\/zonaroja.com.mx\/index.php?rest_route=\/wp\/v2\/types\/post"}],"author":[{"embeddable":true,"href":"https:\/\/zonaroja.com.mx\/index.php?rest_route=\/wp\/v2\/users\/2"}],"replies":[{"embeddable":true,"href":"https:\/\/zonaroja.com.mx\/index.php?rest_route=%2Fwp%2Fv2%2Fcomments&post=22695"}],"version-history":[{"count":1,"href":"https:\/\/zonaroja.com.mx\/index.php?rest_route=\/wp\/v2\/posts\/22695\/revisions"}],"predecessor-version":[{"id":22696,"href":"https:\/\/zonaroja.com.mx\/index.php?rest_route=\/wp\/v2\/posts\/22695\/revisions\/22696"}],"wp:featuredmedia":[{"embeddable":true,"href":"https:\/\/zonaroja.com.mx\/index.php?rest_route=\/wp\/v2\/media\/4182"}],"wp:attachment":[{"href":"https:\/\/zonaroja.com.mx\/index.php?rest_route=%2Fwp%2Fv2%2Fmedia&parent=22695"}],"wp:term":[{"taxonomy":"category","embeddable":true,"href":"https:\/\/zonaroja.com.mx\/index.php?rest_route=%2Fwp%2Fv2%2Fcategories&post=22695"},{"taxonomy":"post_tag","embeddable":true,"href":"https:\/\/zonaroja.com.mx\/index.php?rest_route=%2Fwp%2Fv2%2Ftags&post=22695"}],"curies":[{"name":"wp","href":"https:\/\/api.w.org\/{rel}","templated":true}]}}