{"id":22697,"date":"2021-01-22T07:55:26","date_gmt":"2021-01-22T13:55:26","guid":{"rendered":"http:\/\/www.zonaroja.com.mx\/?p=22697"},"modified":"2021-01-22T07:55:30","modified_gmt":"2021-01-22T13:55:30","slug":"propaganda-apegada-a-ley-pide-diputado-a-gobernador-de-oaxaca","status":"publish","type":"post","link":"https:\/\/zonaroja.com.mx\/?p=22697","title":{"rendered":"Propaganda apegada a ley, pide diputado a gobernador de Oaxaca"},"content":{"rendered":"\n<p>Evlin Arag\u00f3n\/Zona Roja.<\/p>\n\n\n\n<p>Oaxaca de Ju\u00e1rez, Oax., 22 de enero de 2021.- El diputado local por el Partido del Trabajo, C\u00e9sar Morales Ni\u00f1o, present\u00f3 un Punto de Acuerdo por medio del cual se exhorta al gobernador Alejandro Murat Hinojosa sujetarse a la ley en materia de promoci\u00f3n y publicidad, particularmente en el marco del proceso electoral en curso.&nbsp;<\/p>\n\n\n\n<p>De ah\u00ed que pidi\u00f3 al mandatario girar las instrucciones necesarias, a fin de que las publicaciones institucionales que realice no incluyan nombres, im\u00e1genes, voces o s\u00edmbolos que impliquen promoci\u00f3n personalizada de ning\u00fan actor pol\u00edtico, conforme a lo expuesto en la Constituci\u00f3n federal y local.&nbsp;<\/p>\n\n\n\n<p>Lo anterior debido a que integrantes del funcionariado p\u00fablico est\u00e1n incurriendo en publicaciones donde resaltan propaganda institucional con alusiones y agradecimientos personales, resaltan fotograf\u00edas de los titulares de \u00e1rea, contienen cargas emotivas o afectivas, mencionan parentescos o hacen alusi\u00f3n a presencia de particulares sin ning\u00fan cargo p\u00fablico en eventos institucionales.&nbsp;<\/p>\n\n\n\n<p>Tal es el caso del director de la Comisi\u00f3n Estatal del Agua, H\u00e9ctor Pablo Ram\u00edrez Puga Leyva y la presidenta del Sistema DIF Oaxaca, Ivette Mor\u00e1n de Murat, quienes incurren en este tipo de irregularidades en mayor medida.<\/p>\n\n\n\n<p>De forma espec\u00edfica, el legislador explic\u00f3 que recientemente H\u00e9ctor Pablo difundi\u00f3 en sus redes sociales recorridos por la Villa de Mitla en compa\u00f1\u00eda de Sof\u00eda Castro R\u00edos y haciendo referencia a obras que pronto podr\u00eda entregar el gobierno de Oaxaca; as\u00ed mismo expone una reciente visita a San Pedro y San Pablo Ayutla para entregar apoyos a nombre de Ivette Moran.<\/p>\n\n\n\n<p>En ambos casos agradece de manera personal al gobernador de Oaxaca y su esposa y no hace referencia que se trata de eventos y recursos p\u00fablicos lo que se utilizan para las obras y apoyos mencionados en sus redes sociales.&nbsp;<\/p>\n\n\n\n<p>Mientras que la presidenta honoraria del DIF Oaxaca ha realizado publicaciones constantes donde refiere apoyo brindados a diversas localidades por parte de su esposo y ella misma, olvidando aclarar que se trata de recurso p\u00fablico el utilizado y con ello incurriendo en lo estipulado en la Constituci\u00f3n.<\/p>\n\n\n\n<p>Por lo anterior, Morales Ni\u00f1o, pidi\u00f3 al Instituto Nacional Electoral, al Instituto Estatal Electoral y de Participaci\u00f3n Ciudadana y a la Secretar\u00eda de la Contralor\u00eda, iniciar las investigaciones correspondientes en contra del titular de la CEA y de la presidencia del Sistema DIF Oaxaca, que actualmente violentan las normas en materia de promoci\u00f3n.<\/p>\n","protected":false},"excerpt":{"rendered":"<p>Evlin Arag\u00f3n\/Zona Roja. Oaxaca de Ju\u00e1rez, Oax., 22 de enero de 2021.- El diputado local&hellip;<\/p>\n","protected":false},"author":2,"featured_media":18545,"comment_status":"closed","ping_status":"open","sticky":false,"template":"","format":"standard","meta":{"_lmt_disableupdate":"","_lmt_disable":"","_jetpack_memberships_contains_paid_content":false,"footnotes":""},"categories":[109,47],"tags":[612],"class_list":["post-22697","post","type-post","status-publish","format-standard","has-post-thumbnail","hentry","category-minuto-a-minuto","category-zona-gris","tag-cesar-morales-nino"],"jetpack_featured_media_url":"https:\/\/zonaroja.com.mx\/wp-content\/uploads\/2020\/10\/FOTO-1-Diputado-Cesar-Enrique-Morales-Nino.jpg","jetpack_sharing_enabled":true,"_links":{"self":[{"href":"https:\/\/zonaroja.com.mx\/index.php?rest_route=\/wp\/v2\/posts\/22697","targetHints":{"allow":["GET"]}}],"collection":[{"href":"https:\/\/zonaroja.com.mx\/index.php?rest_route=\/wp\/v2\/posts"}],"about":[{"href":"https:\/\/zonaroja.com.mx\/index.php?rest_route=\/wp\/v2\/types\/post"}],"author":[{"embeddable":true,"href":"https:\/\/zonaroja.com.mx\/index.php?rest_route=\/wp\/v2\/users\/2"}],"replies":[{"embeddable":true,"href":"https:\/\/zonaroja.com.mx\/index.php?rest_route=%2Fwp%2Fv2%2Fcomments&post=22697"}],"version-history":[{"count":1,"href":"https:\/\/zonaroja.com.mx\/index.php?rest_route=\/wp\/v2\/posts\/22697\/revisions"}],"predecessor-version":[{"id":22698,"href":"https:\/\/zonaroja.com.mx\/index.php?rest_route=\/wp\/v2\/posts\/22697\/revisions\/22698"}],"wp:featuredmedia":[{"embeddable":true,"href":"https:\/\/zonaroja.com.mx\/index.php?rest_route=\/wp\/v2\/media\/18545"}],"wp:attachment":[{"href":"https:\/\/zonaroja.com.mx\/index.php?rest_route=%2Fwp%2Fv2%2Fmedia&parent=22697"}],"wp:term":[{"taxonomy":"category","embeddable":true,"href":"https:\/\/zonaroja.com.mx\/index.php?rest_route=%2Fwp%2Fv2%2Fcategories&post=22697"},{"taxonomy":"post_tag","embeddable":true,"href":"https:\/\/zonaroja.com.mx\/index.php?rest_route=%2Fwp%2Fv2%2Ftags&post=22697"}],"curies":[{"name":"wp","href":"https:\/\/api.w.org\/{rel}","templated":true}]}}