{"id":22699,"date":"2021-01-22T10:35:15","date_gmt":"2021-01-22T16:35:15","guid":{"rendered":"http:\/\/www.zonaroja.com.mx\/?p=22699"},"modified":"2021-01-22T10:35:23","modified_gmt":"2021-01-22T16:35:23","slug":"detengan-deportaciones-pide-sophie-cruz-nina-de-padres-oaxaquenos-biden","status":"publish","type":"post","link":"https:\/\/zonaroja.com.mx\/?p=22699","title":{"rendered":"\u201cDetengan deportaciones\u201d pide Sophie Cruz, ni\u00f1a de padres oaxaque\u00f1os, Biden"},"content":{"rendered":"\n<p>Yuridiana Sosa\/Zona Roja.<\/p>\n\n\n\n<p>Oaxaca de Ju\u00e1rez, Oax., 21 de enero de 2022.- La ni\u00f1a de padres oaxaque\u00f1os, \u00edcono de la lucha migrante en Estados Unidos, Sophie Cruz, lanz\u00f3 un llamado al Presidente de esa naci\u00f3n, Joe Biden y a la Vicepresidenta, Kamala Harris, para frenar la deportaci\u00f3n de inmigrantes.<\/p>\n\n\n\n<p>La peque\u00f1a ciudadana americana de Los \u00c1ngeles, California, de padres originarios de San Juan Bautista Tuxtepec, comenz\u00f3 su defensa por los inmigrantes en 2016, con s\u00f3lo seis a\u00f1os de edad.<\/p>\n\n\n\n<p>En la visita del Papa Francisco a Washington DC, le entreg\u00f3 una carta pidi\u00e9ndole ayuda para una reforma migratoria que le ofreciera la oportunidad a sus padres de vivir sin el temor a ser deportados.<\/p>\n\n\n\n<p>A la llegada de los nuevos mandatarios estadounidenses, la ni\u00f1a de 11 a\u00f1os de edad, con sangre oaxaque\u00f1a, retom\u00f3 el tema por medio de un video, el cual dijo: \u201cEs muy importante para m\u00ed y para miles de ni\u00f1os estadounidenses que viven en este pa\u00eds. Algunos sin sus padres que han sido deportados y otros obligados a vivir fuera de su pa\u00eds con sus padres deportados\u201d.<\/p>\n\n\n\n<p>Con valent\u00eda, la menor de edad, se\u00f1al\u00f3: \u201cNo pretendo que sienta mi dolor, pero si quiero que me escuchen. Deseo que paren las deportaciones y todos los actos inhumanos hacia los inmigrantes, porque nos hacen da\u00f1o al quitarnos lo que m\u00e1s amamos en la vida, que son nuestros padres\u201d.<\/p>\n\n\n\n<figure class=\"wp-block-embed-twitter wp-block-embed is-type-rich is-provider-twitter\"><div class=\"wp-block-embed__wrapper\">\n<div class=\"twitter-tweet\"><blockquote class=\"twitter-tweet\" data-lang=\"es\"><p lang=\"es\" dir=\"ltr\">&quot;Deseo que paren las deportaciones y actos inhumanos hacia los inmigrantes, porque nos hacen da\u00f1o al quitarnos lo que m\u00e1s amamos en la vida, que son nuestros padres&quot;, dice  Sofhia Cruz, hija de inmigrantes tuxtepecanos, a Joe Biden.<br>\ud83d\udc4f\ud83d\udc4f\ud83d\udc4f\ud83d\udc4f\ud83d\udc4d <a href=\"https:\/\/t.co\/VGdOLYEXKZ\">pic.twitter.com\/VGdOLYEXKZ<\/a><\/p>&mdash; Zona Roja Oaxaca (@MexRoja) <a href=\"https:\/\/twitter.com\/MexRoja\/status\/1352627746032254976?ref_src=twsrc%5Etfw\">22 de enero de 2021<\/a><\/blockquote><\/div>\n<\/div><\/figure>\n\n\n\n<p>Por el contrario a las acciones contra los inmigrantes y a favor de los ni\u00f1os, la peque\u00f1a Sophie propuso ayuda psicol\u00f3gica por los da\u00f1os que ha causado la separaci\u00f3n.<\/p>\n\n\n\n<p>\u201cSomos la esperanza de este pa\u00eds, ya no queremos vivir con miedo, es tiempo de una reforma migratoria justa para nuestros padres y abuelos que est\u00e1n trabajando para darnos lo mejor, eso no debe ser un delito para ser perseguidos\u201d, se\u00f1al\u00f3.<\/p>\n\n\n\n<p>La luchadora infantil destac\u00f3 la labor importante de los migrantes para el desarrollo de Estado Unidos, y como ejemplo expres\u00f3 que su pap\u00e1 fue reconocido como \u201ctrabajador esencial\u201d en su centro laboral en medio de la contingencia. Adem\u00e1s, destac\u00f3 la calidad de mano de obra de los migrantes.<\/p>\n\n\n\n<p>Sophie Cruz se despidi\u00f3 de los gobernantes con la esperanza de ser escuchada para atender el problema que sufren cientos de familias. \u201cTengo esperanza en ustedes y en su equipo\u201d, \u201cSeguir\u00e9 luchando con amor a favor de los m\u00e1s vulnerables\u201d.<\/p>\n","protected":false},"excerpt":{"rendered":"<p>Yuridiana Sosa\/Zona Roja. Oaxaca de Ju\u00e1rez, Oax., 21 de enero de 2022.- La ni\u00f1a de&hellip;<\/p>\n","protected":false},"author":2,"featured_media":22700,"comment_status":"closed","ping_status":"open","sticky":false,"template":"","format":"standard","meta":{"_lmt_disableupdate":"","_lmt_disable":"","_jetpack_memberships_contains_paid_content":false,"footnotes":""},"categories":[109,46],"tags":[2390],"class_list":["post-22699","post","type-post","status-publish","format-standard","has-post-thumbnail","hentry","category-minuto-a-minuto","category-zona-blanca","tag-sophie-cruz"],"jetpack_featured_media_url":"https:\/\/zonaroja.com.mx\/wp-content\/uploads\/2021\/01\/Sophie-Cruz.jpg","jetpack_sharing_enabled":true,"_links":{"self":[{"href":"https:\/\/zonaroja.com.mx\/index.php?rest_route=\/wp\/v2\/posts\/22699","targetHints":{"allow":["GET"]}}],"collection":[{"href":"https:\/\/zonaroja.com.mx\/index.php?rest_route=\/wp\/v2\/posts"}],"about":[{"href":"https:\/\/zonaroja.com.mx\/index.php?rest_route=\/wp\/v2\/types\/post"}],"author":[{"embeddable":true,"href":"https:\/\/zonaroja.com.mx\/index.php?rest_route=\/wp\/v2\/users\/2"}],"replies":[{"embeddable":true,"href":"https:\/\/zonaroja.com.mx\/index.php?rest_route=%2Fwp%2Fv2%2Fcomments&post=22699"}],"version-history":[{"count":1,"href":"https:\/\/zonaroja.com.mx\/index.php?rest_route=\/wp\/v2\/posts\/22699\/revisions"}],"predecessor-version":[{"id":22701,"href":"https:\/\/zonaroja.com.mx\/index.php?rest_route=\/wp\/v2\/posts\/22699\/revisions\/22701"}],"wp:featuredmedia":[{"embeddable":true,"href":"https:\/\/zonaroja.com.mx\/index.php?rest_route=\/wp\/v2\/media\/22700"}],"wp:attachment":[{"href":"https:\/\/zonaroja.com.mx\/index.php?rest_route=%2Fwp%2Fv2%2Fmedia&parent=22699"}],"wp:term":[{"taxonomy":"category","embeddable":true,"href":"https:\/\/zonaroja.com.mx\/index.php?rest_route=%2Fwp%2Fv2%2Fcategories&post=22699"},{"taxonomy":"post_tag","embeddable":true,"href":"https:\/\/zonaroja.com.mx\/index.php?rest_route=%2Fwp%2Fv2%2Ftags&post=22699"}],"curies":[{"name":"wp","href":"https:\/\/api.w.org\/{rel}","templated":true}]}}