{"id":22702,"date":"2021-01-22T15:41:04","date_gmt":"2021-01-22T21:41:04","guid":{"rendered":"http:\/\/www.zonaroja.com.mx\/?p=22702"},"modified":"2021-01-22T15:41:07","modified_gmt":"2021-01-22T21:41:07","slug":"exige-cndh-al-gobierno-de-oaxaca-frenar-la-violencia-en-zona-triqui","status":"publish","type":"post","link":"https:\/\/zonaroja.com.mx\/?p=22702","title":{"rendered":"Exige CNDH al gobierno de Oaxaca frenar la violencia en zona Triqui"},"content":{"rendered":"\n<p>Evlin Arag\u00f3n\/Zona Roja.<\/p>\n\n\n\n<p>Oaxaca de Ju\u00e1rez, Oax., 22 de enero de 2021.- Ante la apat\u00eda del gobierno de Oaxaca para resolver el conflicto en la zona Triqui, la CNDH le exigi\u00f3 frenar la violencia y proteger a los ind\u00edgenas en riesgo, en la regi\u00f3n Mixteca.<\/p>\n\n\n\n<p>En un comunicado, la Comisi\u00f3n Nacional de los Derechos Humanos (CNDH) dio a conocer que emiti\u00f3 medidas cautelares a favor de habitantes de Tierra Blanca, Yosoyuxi y San Juan Copala, perteneciente al municipio de Santiago Juxtlahuaca.&nbsp;<\/p>\n\n\n\n<p>De acuerdo a sus facultades las medidas fueron referidas al Gobernador del Estado, Alejandro Murat Hinojosa; al secretario General de Gobierno, Francisco L\u00f3pez; al fiscal General, Rub\u00e9n Vasconcelos M\u00e9ndez; al secretario de Seguridad P\u00fablica, Ernesto Salcedo Rosales; y al presidente municipal de Santiago Juxtlahuaca, Nicol\u00e1s Feria Romero, para garantizar los derechos humanos a la vida, integridad personal, patrimonio, seguridad p\u00fablica y paz social.&nbsp;<\/p>\n\n\n\n<p>\u201cDesde la Comisi\u00f3n Nacional de los Derechos Humanos: Exigimos un alto a la violencia contra las comunidades ind\u00edgenas\u201d.&nbsp;<\/p>\n\n\n\n<p>La instituci\u00f3n reconoci\u00f3 que los hechos violentos, sucedidos entre el 17 y 19 de enero, dejaron como saldo varias personas lesionadas, de ah\u00ed que instan a las autoridades del gobierno de Oaxaca a mantener el Estado de Derecho y privilegiar el di\u00e1logo y la concertaci\u00f3n que ayuden a restablecer la seguridad y paz social.&nbsp;<\/p>\n\n\n\n<p>La CNDH confirm\u00f3 la falta de capacidad por parte de las autoridades de seguridad para garantizar la integridad f\u00edsica de la poblaci\u00f3n, ya que, aunque reconoci\u00f3 hicieron presencia, \u00e9sta no fue de manera permanente como lo amerita la situaci\u00f3n actual en la zona.&nbsp;<\/p>\n\n\n\n<p>\u201cSi bien es cierto que, a principio de enero, elementos de la Polic\u00eda Estatal y de la Guardia Nacional resguardaron el regreso de familias desplazadas en esa regi\u00f3n, d\u00edas despu\u00e9s se retiraron, hecho que provoc\u00f3 que la poblaci\u00f3n quedara en estado de indefensi\u00f3n\u201d, cita el documento.&nbsp;<\/p>\n\n\n\n<p>La instancia record\u00f3 a los gobiernos de Alejandro Murat y Nicol\u00e1s Feria que el Convenio 169 de la Organizaci\u00f3n Internacional del Trabajo (OIT) establece la responsabilidad de los gobiernos para proteger los derechos de quienes integran las comunidades ind\u00edgenas.<\/p>\n\n\n\n<p>As\u00ed mismo la Comisi\u00f3n Interamericana de Derechos Humanos (CIDH) ha manifestado que la polic\u00eda constituye una instituci\u00f3n fundamental para la vigencia del Estado de Derecho y para garantizar la seguridad de la poblaci\u00f3n.&nbsp;<\/p>\n\n\n\n<p>Desde hace un par de semanas pobladores de Tierra Blanca, Yosoyuxi y San Juan Copala han denunciado ataques armados en su contra, cometidos por grupos paramilitares ubicados en la zona.&nbsp;&nbsp;<\/p>\n\n\n\n<p>Al respecto las organizaciones Movimiento de Unificaci\u00f3n y Lucha Triqui (MULT), Movimiento de Unificaci\u00f3n y Lucha Triqui Independiente (MULTI), y la Uni\u00f3n de Bienestar Social de la Regi\u00f3n Triqui (UBISORT) se responsabilizan mutuamente de los ataques.<\/p>\n\n\n\n<p>Este viernes, por segundo d\u00eda consecutivo, ind\u00edgenas que se encuentran en la capital de Oaxaca, desplazados desde hace 10 a\u00f1os, bloquean la carretera Internacional 190, Oaxaca-M\u00e9xico, a la altura del crucero a San Lorenzo Cacaotepec y Hacienda Blanca; tambi\u00e9n en jurisdicci\u00f3n de Juxtlahuaca.<\/p>\n","protected":false},"excerpt":{"rendered":"<p>Evlin Arag\u00f3n\/Zona Roja. Oaxaca de Ju\u00e1rez, Oax., 22 de enero de 2021.- Ante la apat\u00eda&hellip;<\/p>\n","protected":false},"author":2,"featured_media":22703,"comment_status":"closed","ping_status":"open","sticky":false,"template":"","format":"standard","meta":{"_lmt_disableupdate":"","_lmt_disable":"","_jetpack_memberships_contains_paid_content":false,"footnotes":""},"categories":[109,46],"tags":[1793,1712],"class_list":["post-22702","post","type-post","status-publish","format-standard","has-post-thumbnail","hentry","category-minuto-a-minuto","category-zona-blanca","tag-comision-nacional-de-los-derechos-humanos","tag-tierra-blanca-copala"],"jetpack_featured_media_url":"https:\/\/zonaroja.com.mx\/wp-content\/uploads\/2021\/01\/Comunicado-CNDH-triquis.jpg","jetpack_sharing_enabled":true,"_links":{"self":[{"href":"https:\/\/zonaroja.com.mx\/index.php?rest_route=\/wp\/v2\/posts\/22702","targetHints":{"allow":["GET"]}}],"collection":[{"href":"https:\/\/zonaroja.com.mx\/index.php?rest_route=\/wp\/v2\/posts"}],"about":[{"href":"https:\/\/zonaroja.com.mx\/index.php?rest_route=\/wp\/v2\/types\/post"}],"author":[{"embeddable":true,"href":"https:\/\/zonaroja.com.mx\/index.php?rest_route=\/wp\/v2\/users\/2"}],"replies":[{"embeddable":true,"href":"https:\/\/zonaroja.com.mx\/index.php?rest_route=%2Fwp%2Fv2%2Fcomments&post=22702"}],"version-history":[{"count":1,"href":"https:\/\/zonaroja.com.mx\/index.php?rest_route=\/wp\/v2\/posts\/22702\/revisions"}],"predecessor-version":[{"id":22704,"href":"https:\/\/zonaroja.com.mx\/index.php?rest_route=\/wp\/v2\/posts\/22702\/revisions\/22704"}],"wp:featuredmedia":[{"embeddable":true,"href":"https:\/\/zonaroja.com.mx\/index.php?rest_route=\/wp\/v2\/media\/22703"}],"wp:attachment":[{"href":"https:\/\/zonaroja.com.mx\/index.php?rest_route=%2Fwp%2Fv2%2Fmedia&parent=22702"}],"wp:term":[{"taxonomy":"category","embeddable":true,"href":"https:\/\/zonaroja.com.mx\/index.php?rest_route=%2Fwp%2Fv2%2Fcategories&post=22702"},{"taxonomy":"post_tag","embeddable":true,"href":"https:\/\/zonaroja.com.mx\/index.php?rest_route=%2Fwp%2Fv2%2Ftags&post=22702"}],"curies":[{"name":"wp","href":"https:\/\/api.w.org\/{rel}","templated":true}]}}